{"id":882,"date":"2026-01-14T23:16:04","date_gmt":"2026-01-15T05:16:04","guid":{"rendered":"https:\/\/cartoambientalconverdad.org\/?p=882"},"modified":"2026-01-16T23:20:48","modified_gmt":"2026-01-17T05:20:48","slug":"desafios-para-preservar-al-axolotl-mexicano","status":"publish","type":"post","link":"https:\/\/cartoambientalconverdad.org\/index.php\/2026\/01\/14\/desafios-para-preservar-al-axolotl-mexicano\/","title":{"rendered":"Desaf\u00edos: Preservar al Axolotl Mexicano"},"content":{"rendered":"\n<p class=\"has-headings-color has-text-color has-link-color has-large-font-size wp-elements-5094b42399ec44c1a4f109519b00a19e\">Desaf\u00edos en el rescate de la salamandra neotenia mexicana <\/p>\n\n\n\n<figure class=\"wp-block-embed is-type-video is-provider-youtube wp-block-embed-youtube wp-embed-aspect-16-9 wp-has-aspect-ratio\"><div class=\"wp-block-embed__wrapper\">\n<iframe loading=\"lazy\" title=\"EL RESCATE DEL AJOLOTE MEXICANO, O SALAMANDRA NEOT\u00c9NICA.\" width=\"556\" height=\"313\" src=\"https:\/\/www.youtube.com\/embed\/JhRDp1lSYOw?feature=oembed\" frameborder=\"0\" allow=\"accelerometer; autoplay; clipboard-write; encrypted-media; gyroscope; picture-in-picture; web-share\" referrerpolicy=\"strict-origin-when-cross-origin\" allowfullscreen><\/iframe>\n<\/div><\/figure>\n\n\n\n<h2 class=\"wp-block-heading\"><\/h2>\n\n\n\n<p class=\"has-headings-color has-text-color has-background has-link-color wp-elements-28eb0472d99e91437dfb2cdae97d3e73\" style=\"background-color:#def1ee\">El Ajolote Mexicano pertenece al g\u00e9nero\u00a0<em>Ambystoma<\/em>, cuyos ancestros surgieron hace m\u00e1s de 400 millones de a\u00f1os, previo a la era de los dinosaurios.\u00a0A diferencia de otras salamandras, el\u00a0<em>Ambystoma mexicanum<\/em>\u00a0exhibe neotenia, conservando rasgos larvarios como branquias plumosas y una aleta dorsal a lo largo de su vida.\u00a0Esta estrategia evolutiva, posiblemente desarrollada para aprovechar los recursos acu\u00e1ticos estables de los lagos del Valle de M\u00e9xico, le permiti\u00f3 evitar la competencia en h\u00e1bitats terrestres. Estudios recientes sugieren que su capacidad regenerativa \u2014capaz de reconstruir extremidades, tejido card\u00edaco y segmentos cerebrales\u2014 est\u00e1 vinculada a la activaci\u00f3n de c\u00e9lulas pluripotentes, un mecanismo que ha inspirado investigaciones en medicina regenerativa humana<\/p>\n\n\n\n<h2 class=\"wp-block-heading\"><\/h2>\n\n\n\n<p class=\"has-headings-color has-text-color has-link-color has-large-font-size wp-elements-7e43cc54180d473797425c090792a519\">Regiones de Habitat y Recuperaci\u00f3n del Axolotl Mexicano<\/p>\n\n\n<div class=\"wp-block-image\">\n<figure class=\"aligncenter size-large\"><img loading=\"lazy\" decoding=\"async\" width=\"1024\" height=\"576\" src=\"https:\/\/cartoambientalconverdad.org\/wp-content\/uploads\/2026\/01\/AXOLOTL-MEXICANO-1024x576.png\" alt=\"\" class=\"wp-image-905\" srcset=\"https:\/\/cartoambientalconverdad.org\/wp-content\/uploads\/2026\/01\/AXOLOTL-MEXICANO-1024x576.png 1024w, https:\/\/cartoambientalconverdad.org\/wp-content\/uploads\/2026\/01\/AXOLOTL-MEXICANO-300x169.png 300w, https:\/\/cartoambientalconverdad.org\/wp-content\/uploads\/2026\/01\/AXOLOTL-MEXICANO-768x432.png 768w, https:\/\/cartoambientalconverdad.org\/wp-content\/uploads\/2026\/01\/AXOLOTL-MEXICANO-1080x608.png 1080w, https:\/\/cartoambientalconverdad.org\/wp-content\/uploads\/2026\/01\/AXOLOTL-MEXICANO-273x154.png 273w, https:\/\/cartoambientalconverdad.org\/wp-content\/uploads\/2026\/01\/AXOLOTL-MEXICANO-600x338.png 600w, https:\/\/cartoambientalconverdad.org\/wp-content\/uploads\/2026\/01\/AXOLOTL-MEXICANO.png 1280w\" sizes=\"(max-width: 1024px) 100vw, 1024px\" \/><\/figure>\n<\/div>\n\n\n<h2 class=\"wp-block-heading\"><\/h2>\n\n\n\n<p class=\"has-headings-color has-text-color has-background has-link-color wp-elements-795873befc1e46d052f811dde5884f29\" style=\"background-color:#def1ee\">Las principales regiones para la conservaci\u00f3n del ajolote mexicano son&nbsp;<mark><strong>Xochimilco (Ciudad de M\u00e9xico)<\/strong>&nbsp;para el&nbsp;<em>Ambystoma mexicanum<\/em>&nbsp;y el&nbsp;<strong>Centro de M\u00e9xico<\/strong>&nbsp;(Puebla, Hidalgo, Quer\u00e9taro, Guanajuato) para especies como el ajolote serrano, con esfuerzos clave en&nbsp;<strong>Michoac\u00e1n, Tlaxcala, Estado de M\u00e9xico<\/strong>&nbsp;y&nbsp;<strong>Veracruz<\/strong><\/mark>&nbsp;(a trav\u00e9s de acuarios y UMAs), involucrando proyectos cient\u00edficos, comunitarios y de restauraci\u00f3n de h\u00e1bitat, como las chinampas y la reforestaci\u00f3n con ahuejotes.&nbsp;<\/p>\n\n\n\n<p class=\"has-text-align-left has-headings-color has-sitebg-background-color has-text-color has-background has-link-color has-large-font-size wp-elements-6f33c2167c8e30f8f3719aa682441e49\"><strong>1. Xochimilco, Ciudad de M\u00e9xico (Ajolote Mexicano &#8211;&nbsp;<em>Ambystoma mexicanum<\/em>)<\/strong>&nbsp;<\/p>\n\n\n\n<ul style=\"background-color:#def1ee\" class=\"wp-block-list has-headings-color has-text-color has-background has-link-color wp-elements-7bed54cb32f22605a12baffbabf72999\">\n<li class=\"has-headings-color has-text-color has-link-color wp-elements-6e081322654e9caa585b5d99cc6fbe36\"><strong>Centro de Conservaci\u00f3n CIBAC-UAM:<\/strong>&nbsp;Gestiona un esquema regional con chinamperos para manejo sustentable.<\/li>\n\n\n\n<li class=\"has-headings-color has-text-color has-link-color wp-elements-944bc40f511a0f99e6e8eb4003a240bf\"><strong>UMAs (Unidades de Manejo Ambiental):<\/strong>&nbsp;Establecidas para estudio y monitoreo.<\/li>\n\n\n\n<li class=\"has-headings-color has-text-color has-link-color wp-elements-1b5b4f78d60074e5db7d327032ab58c4\"><strong>Museo del Ajolote (Axolotitl\u00e1n):<\/strong>&nbsp;Involucra a sociedad civil y academia para educaci\u00f3n y rescate.<\/li>\n\n\n\n<li class=\"has-headings-color has-text-color has-link-color wp-elements-d9caf65cf9805b32ff1802137b830d99\"><strong>Proyectos de restauraci\u00f3n:<\/strong>&nbsp;Creaci\u00f3n de refugios en canales con barreras para controlar especies invasoras (carpas, tilapias) y reintroducci\u00f3n de ahuejotes.<\/li>\n\n\n\n<li class=\"has-headings-color has-text-color has-link-color wp-elements-856cd0658d7fe709e99de581d9e48c0f\"><strong>Instituciones:<\/strong>&nbsp;UNAM, UAM, CONANP, SEDEMA participan activamente.&nbsp;<\/li>\n<\/ul>\n\n\n\n<p class=\"has-headings-color has-sitebg-background-color has-text-color has-background has-link-color has-large-font-size wp-elements-aa340d1cd4d11fc1f145b09ac335a7e5\"><strong>2. Centro de M\u00e9xico (Ajolote Serrano &#8211;&nbsp;<em>Ambystoma velasci<\/em>)<\/strong><\/p>\n\n\n\n<ul style=\"background-color:#def1ee\" class=\"wp-block-list has-headings-color has-text-color has-background has-link-color wp-elements-24bc831e2563bca54b25c0667451531c\">\n<li class=\"has-headings-color has-text-color has-link-color wp-elements-bb2f8e1695e82aa4b77524f15e565d0c\"><strong>Estados:<\/strong>&nbsp;Puebla, Hidalgo, Quer\u00e9taro, Guanajuato.<\/li>\n\n\n\n<li class=\"has-headings-color has-text-color has-link-color wp-elements-8fa6aad4fcba51766ea409a92289b598\"><strong>Reservas:<\/strong>&nbsp;Sierra Gorda (Quer\u00e9taro) y Guanajuato son h\u00e1bitat de esta especie amenazada.&nbsp;<\/li>\n<\/ul>\n\n\n\n<p class=\"has-headings-color has-sitebg-background-color has-text-color has-background has-link-color has-large-font-size wp-elements-fc353bcd53cf346f2579a344721f3de0\"><strong>3. Otras iniciativas estatales<\/strong><\/p>\n\n\n\n<ul style=\"background-color:#def1ee\" class=\"wp-block-list has-headings-color has-text-color has-background has-link-color wp-elements-692bc296fbeb56bcfcc6e2e4f3d5d65a\">\n<li class=\"has-headings-color has-text-color has-link-color wp-elements-66acb202ae7dd01223f86a739fd8a680\"><strong>Michoac\u00e1n, Hidalgo, Estado de M\u00e9xico, Tlaxcala:<\/strong>&nbsp;Apoyo a la operaci\u00f3n de UMAs.<\/li>\n\n\n\n<li class=\"has-headings-color has-text-color has-link-color wp-elements-18325d825257f4c8eeb803a1c10b24d4\"><strong>Veracruz:<\/strong>&nbsp;El Acuario del Puerto de Veracruz tiene un programa integral de cr\u00eda, reproducci\u00f3n y educaci\u00f3n para el ajolote mexicano.&nbsp;<\/li>\n<\/ul>\n\n\n\n<p class=\"has-headings-color has-sitebg-background-color has-text-color has-background has-link-color has-large-font-size wp-elements-59e3c07a90c1b3dd997fb008b1c60195\"><strong>Esfuerzos Transversales<\/strong><\/p>\n\n\n\n<ul style=\"background-color:#def1ee\" class=\"wp-block-list has-background\">\n<li class=\"has-headings-color has-text-color has-link-color wp-elements-4f5d37c3dacae8530c0c22d03b76b9b5\"><strong>Campa\u00f1as:<\/strong>&nbsp;Internacionales como &#8220;<a href=\"https:\/\/www.google.com\/search?q=Adoptaxolotl&amp;rlz=1C1JZAP_esMX1112MX1113&amp;oq=regiones+de+la+rep%C3%BAblica+mexicana+en+las+que+se+hacen+acciones+para+rescatar+y+preservar+al+ajolote+mexicano&amp;gs_lcrp=EgZjaHJvbWUyBggAEEUYOdIBCjY2OTUzajBqMTWoAgiwAgHxBYuzphvP7_aV&amp;sourceid=chrome&amp;ie=UTF-8&amp;mstk=AUtExfChdPLhXg4oLw3t8Vhu13qFgDgJYKqSGbcKD5wqgyOHUegse8G6QYNfg5YT_oBuHiMflBIN1aWVdd4R2JQre5tc0GnZA-BTyGEe1E7IfYm5JO-GFpJ_busoM9PsGwkGBEbspK-WW-pN5BlYPt2EtGVjDfcr1YwvkJurCnxhb5FAKQE&amp;csui=3&amp;ved=2ahUKEwi67cX734ySAxVim2oFHSdaFCkQgK4QegQICRAB\">Adoptaxolotl<\/a>&#8221; impulsadas por la UNAM.<\/li>\n\n\n\n<li class=\"has-headings-color has-text-color has-link-color wp-elements-e94bc3d1d0ab5dffd412143d310e94ab\"><strong>Agroecolog\u00eda:<\/strong>&nbsp;Retorno a pr\u00e1cticas sustentables como las chinampas para conservar h\u00e1bitat y biodiversidad.<\/li>\n\n\n\n<li class=\"has-headings-color has-text-color has-link-color wp-elements-ca1e73919a994d0f7e4163e845706421\"><strong>Legislaci\u00f3n:<\/strong>&nbsp;Incluidos en la NOM-059-SEMARNAT-2010, bajo protecci\u00f3n federal.&nbsp;<\/li>\n<\/ul>\n\n\n\n<p class=\"has-text-align-right has-sitebg-color has-headings-background-color has-text-color has-background has-link-color wp-elements-1db8b92342ccf69967d3d43559291a89\">Developed: Norberto Barreda L\u00f3pez (Ambientalista)<\/p>\n\n\n\n<ul class=\"wp-block-social-links aligncenter is-layout-flex wp-block-social-links-is-layout-flex\"><li class=\"wp-social-link wp-social-link-gravatar  wp-block-social-link\"><a href=\"https:\/\/gravatar.com\/barredalnb\" class=\"wp-block-social-link-anchor\"><svg width=\"24\" height=\"24\" viewBox=\"0 0 24 24\" version=\"1.1\" xmlns=\"http:\/\/www.w3.org\/2000\/svg\" aria-hidden=\"true\" focusable=\"false\"><path d=\"M10.8001 4.69937V10.6494C10.8001 11.1001 10.9791 11.5323 11.2978 11.851C11.6165 12.1697 12.0487 12.3487 12.4994 12.3487C12.9501 12.3487 13.3824 12.1697 13.7011 11.851C14.0198 11.5323 14.1988 11.1001 14.1988 10.6494V6.69089C15.2418 7.05861 16.1371 7.75537 16.7496 8.67617C17.3622 9.59698 17.6589 10.6919 17.595 11.796C17.5311 12.9001 17.1101 13.9535 16.3954 14.7975C15.6807 15.6415 14.711 16.2303 13.6325 16.4753C12.5541 16.7202 11.4252 16.608 10.4161 16.1555C9.40691 15.703 8.57217 14.9348 8.03763 13.9667C7.50308 12.9985 7.29769 11.8828 7.45242 10.7877C7.60714 9.69266 8.11359 8.67755 8.89545 7.89537C9.20904 7.57521 9.38364 7.14426 9.38132 6.69611C9.37899 6.24797 9.19994 5.81884 8.88305 5.50195C8.56616 5.18506 8.13704 5.00601 7.68889 5.00369C7.24075 5.00137 6.80979 5.17597 6.48964 5.48956C5.09907 6.8801 4.23369 8.7098 4.04094 10.6669C3.84819 12.624 4.34 14.5873 5.43257 16.2224C6.52515 17.8575 8.15088 19.0632 10.0328 19.634C11.9146 20.2049 13.9362 20.1055 15.753 19.3529C17.5699 18.6003 19.0695 17.241 19.9965 15.5066C20.9234 13.7722 21.2203 11.7701 20.8366 9.84133C20.4528 7.91259 19.4122 6.17658 17.892 4.92911C16.3717 3.68163 14.466 2.99987 12.4994 3C12.0487 3 11.6165 3.17904 11.2978 3.49773C10.9791 3.81643 10.8001 4.24867 10.8001 4.69937Z\" \/><\/svg><span class=\"wp-block-social-link-label screen-reader-text\">Gravatar<\/span><\/a><\/li><\/ul>\n\n\n<div class=\"is-default-size alignright wp-block-site-logo\"><a href=\"https:\/\/cartoambientalconverdad.org\/\" class=\"custom-logo-link\" rel=\"home\"><img decoding=\"async\"   src=\"https:\/\/cartoambientalconverdad.org\/wp-content\/uploads\/2026\/02\/cropped-logo.png\" class=\"custom-logo\" alt=\"Recuperaci\u00f3n EcoSocial\" srcset=\"https:\/\/cartoambientalconverdad.org\/wp-content\/uploads\/2026\/02\/cropped-logo.png 2025w, https:\/\/cartoambientalconverdad.org\/wp-content\/uploads\/2026\/02\/cropped-logo-300x55.png 300w, https:\/\/cartoambientalconverdad.org\/wp-content\/uploads\/2026\/02\/cropped-logo-1024x189.png 1024w, https:\/\/cartoambientalconverdad.org\/wp-content\/uploads\/2026\/02\/cropped-logo-768x142.png 768w, https:\/\/cartoambientalconverdad.org\/wp-content\/uploads\/2026\/02\/cropped-logo-1536x284.png 1536w, https:\/\/cartoambientalconverdad.org\/wp-content\/uploads\/2026\/02\/cropped-logo-1080x199.png 1080w, https:\/\/cartoambientalconverdad.org\/wp-content\/uploads\/2026\/02\/cropped-logo-273x50.png 273w, https:\/\/cartoambientalconverdad.org\/wp-content\/uploads\/2026\/02\/cropped-logo-600x111.png 600w\" sizes=\"(max-width: 2025px) 100vw, 2025px\" \/><\/a><\/div>","protected":false},"excerpt":{"rendered":"<p>El ajolote mexicano (Ambystoma mexicanum), una salamandra neot\u00e9nica end\u00e9mica de los canales de Xochimilco en la Ciudad de M\u00e9xico, representa un fen\u00f3meno biol\u00f3gico y cultural \u00fanico. Con ra\u00edces que se remontan a la mitolog\u00eda azteca, este anfibio ha capturado la atenci\u00f3n cient\u00edfica por su capacidad de regenerar tejidos y \u00f3rganos, as\u00ed como por su resistencia evolutiva al conservar caracter\u00edsticas larvarias en su etapa adulta. <\/p>\n","protected":false},"author":1,"featured_media":885,"comment_status":"open","ping_status":"open","sticky":false,"template":"","format":"standard","meta":{"give_campaign_id":0,"_et_pb_use_builder":"off","_et_pb_old_content":"","_et_gb_content_width":"","_themeisle_gutenberg_block_has_review":false,"footnotes":""},"categories":[1],"tags":[],"class_list":["post-882","post","type-post","status-publish","format-standard","has-post-thumbnail","hentry","category-blog"],"aioseo_notices":[],"_links":{"self":[{"href":"https:\/\/cartoambientalconverdad.org\/index.php\/wp-json\/wp\/v2\/posts\/882","targetHints":{"allow":["GET"]}}],"collection":[{"href":"https:\/\/cartoambientalconverdad.org\/index.php\/wp-json\/wp\/v2\/posts"}],"about":[{"href":"https:\/\/cartoambientalconverdad.org\/index.php\/wp-json\/wp\/v2\/types\/post"}],"author":[{"embeddable":true,"href":"https:\/\/cartoambientalconverdad.org\/index.php\/wp-json\/wp\/v2\/users\/1"}],"replies":[{"embeddable":true,"href":"https:\/\/cartoambientalconverdad.org\/index.php\/wp-json\/wp\/v2\/comments?post=882"}],"version-history":[{"count":15,"href":"https:\/\/cartoambientalconverdad.org\/index.php\/wp-json\/wp\/v2\/posts\/882\/revisions"}],"predecessor-version":[{"id":918,"href":"https:\/\/cartoambientalconverdad.org\/index.php\/wp-json\/wp\/v2\/posts\/882\/revisions\/918"}],"wp:featuredmedia":[{"embeddable":true,"href":"https:\/\/cartoambientalconverdad.org\/index.php\/wp-json\/wp\/v2\/media\/885"}],"wp:attachment":[{"href":"https:\/\/cartoambientalconverdad.org\/index.php\/wp-json\/wp\/v2\/media?parent=882"}],"wp:term":[{"taxonomy":"category","embeddable":true,"href":"https:\/\/cartoambientalconverdad.org\/index.php\/wp-json\/wp\/v2\/categories?post=882"},{"taxonomy":"post_tag","embeddable":true,"href":"https:\/\/cartoambientalconverdad.org\/index.php\/wp-json\/wp\/v2\/tags?post=882"}],"curies":[{"name":"wp","href":"https:\/\/api.w.org\/{rel}","templated":true}]}}