{"id":807,"date":"2025-11-22T14:10:19","date_gmt":"2025-11-22T20:10:19","guid":{"rendered":"https:\/\/cartoambientalconverdad.org\/?p=807"},"modified":"2026-01-15T13:11:34","modified_gmt":"2026-01-15T19:11:34","slug":"cuenca-rio-alto-atoyac-desastre-evolucion-y-futuro-parte2","status":"publish","type":"post","link":"https:\/\/cartoambientalconverdad.org\/index.php\/2025\/11\/22\/cuenca-rio-alto-atoyac-desastre-evolucion-y-futuro-parte2\/","title":{"rendered":"Cuenca R\u00edo Alto Atoyac: desastre, evoluci\u00f3n y futuro. Parte2"},"content":{"rendered":"\n<figure class=\"wp-block-embed is-type-video is-provider-youtube wp-block-embed-youtube wp-embed-aspect-16-9 wp-has-aspect-ratio\"><div class=\"wp-block-embed__wrapper\">\n<iframe loading=\"lazy\" title=\"HACE 70 A\u00d1OS DI\u00d3 INICIO CON LEYES LAXAS O INCUMPLIDAS Y CORRUPCI\u00d3N. HOY,  ES TRAGEDIA Y NOS EXIGE .\" width=\"556\" height=\"313\" src=\"https:\/\/www.youtube.com\/embed\/OaV4bDLh7Mo?feature=oembed\" frameborder=\"0\" allow=\"accelerometer; autoplay; clipboard-write; encrypted-media; gyroscope; picture-in-picture; web-share\" referrerpolicy=\"strict-origin-when-cross-origin\" allowfullscreen><\/iframe>\n<\/div><\/figure>\n\n\n\n<p class=\"has-headings-color has-text-color has-background has-link-color has-large-font-size wp-elements-e6245cb13458d7297d904734bcd5ce1c\" style=\"background-color:#def1ee\"><strong><em>Apunte legal y lo esperado<\/em><\/strong>:<\/p>\n\n\n\n<p class=\"has-headings-color has-text-color has-background has-link-color wp-elements-bf168d7d081f7069992531a705b48530\" style=\"background-color:#def1ee\">La autoridad facultada para otorgar mediante estudio previo una Concesi\u00f3n\/Asignaci\u00f3n de uso de agua, o punto de descarga de aguas residuales en M\u00e9xico(CONAGUA), tiene adem\u00e1s la facultad de disminuir o cancelar el volumen concesionado en caso de riesgo para el consumo humano y dom\u00e9stico, lo cual refuerza el inter\u00e9s p\u00fablico sobre los intereses particulares y deber\u00eda quedar garantizado en la nueva ley de aguas en formulaci\u00f3n por el congreso de la uni\u00f3n con la participaci\u00f3n de los sectores mas relevantes involucrados del pa\u00eds. A\u00fan m\u00e1s, ser\u00eda ideal implementar un modelo participativo mediante un esquema de articulaci\u00f3n interinstitucional de los tres \u00f3rdenes de gobierno, sectores productivos industriales, agroindustriales, peque\u00f1os productores del campo, concejos de cuenca, comit\u00e9s aut\u00f3nomos y sociedad, para asegurar monitoreo, detecci\u00f3n, seguimiento y soluci\u00f3n de incidencias negativas en el modelo h\u00eddrico que asegure soluciones.<\/p>\n\n\n\n<p class=\"has-headings-color has-text-color has-background has-link-color has-large-font-size wp-elements-50b06eee2df36e030cbbc2b01b615371\" style=\"background-color:#def1ee\"><strong><em>Entorno f\u00edsico<\/em><\/strong><\/p>\n\n\n\n<p class=\"has-headings-color has-text-color has-background has-link-color wp-elements-711630246988616e11fd69f21691efb0\" style=\"background-color:#def1ee\">De los 84 municipios f\u00edsicamente comprendidos en la Cuenca R\u00edo Alto Atoyac, 4 corresponden al Estado de M\u00e9xico, sin embargo por superficie m\u00ednima y no existencia de afectaci\u00f3n directa, consideramos 80 con vulnerabilidad (27 Puebla + 53 Tlaxcala). Se distinguen 54 municipios con muy alta afectaci\u00f3n contaminante por la v\u00eda del agua, aire, suelo y alimentos, debido a los t\u00f3xicos que corren en las aguas superficiales, al actuar como receptoras de <mark style=\"background-color:rgba(0, 0, 0, 0)\" class=\"has-inline-color has-accent-1-color\">los 565 puntos de descargas industriales t\u00f3xicas<\/mark>.<\/p>\n\n\n\n<figure class=\"wp-block-image size-large\"><img loading=\"lazy\" decoding=\"async\" width=\"1024\" height=\"663\" src=\"https:\/\/cartoambientalconverdad.org\/wp-content\/uploads\/2025\/11\/54MPIOS_XPUNTOS_DESCARGA_CRAA1-1-1024x663.png\" alt=\"\" class=\"wp-image-862\" srcset=\"https:\/\/cartoambientalconverdad.org\/wp-content\/uploads\/2025\/11\/54MPIOS_XPUNTOS_DESCARGA_CRAA1-1-1024x663.png 1024w, https:\/\/cartoambientalconverdad.org\/wp-content\/uploads\/2025\/11\/54MPIOS_XPUNTOS_DESCARGA_CRAA1-1-300x194.png 300w, https:\/\/cartoambientalconverdad.org\/wp-content\/uploads\/2025\/11\/54MPIOS_XPUNTOS_DESCARGA_CRAA1-1-768x497.png 768w, https:\/\/cartoambientalconverdad.org\/wp-content\/uploads\/2025\/11\/54MPIOS_XPUNTOS_DESCARGA_CRAA1-1-1536x994.png 1536w, https:\/\/cartoambientalconverdad.org\/wp-content\/uploads\/2025\/11\/54MPIOS_XPUNTOS_DESCARGA_CRAA1-1-2048x1325.png 2048w, https:\/\/cartoambientalconverdad.org\/wp-content\/uploads\/2025\/11\/54MPIOS_XPUNTOS_DESCARGA_CRAA1-1-1080x699.png 1080w, https:\/\/cartoambientalconverdad.org\/wp-content\/uploads\/2025\/11\/54MPIOS_XPUNTOS_DESCARGA_CRAA1-1-273x177.png 273w, https:\/\/cartoambientalconverdad.org\/wp-content\/uploads\/2025\/11\/54MPIOS_XPUNTOS_DESCARGA_CRAA1-1-600x388.png 600w\" sizes=\"(max-width: 1024px) 100vw, 1024px\" \/><\/figure>\n\n\n\n<p class=\"has-headings-color has-text-color has-background has-link-color has-large-font-size wp-elements-2c020f875198a2ffe504634d95f5ec4c\" style=\"background-color:#def1ee\"><strong><em>El desgarrador impacto en la salud<\/em><\/strong><\/p>\n\n\n\n<figure class=\"wp-block-image size-full is-resized is-style-default\"><img loading=\"lazy\" decoding=\"async\" width=\"522\" height=\"299\" src=\"https:\/\/cartoambientalconverdad.org\/wp-content\/uploads\/2025\/11\/C_Politico-Adva-y-Poblacion-en-la-CRAA_GREEN.png\" alt=\"\" class=\"wp-image-865\" style=\"width:630px;height:auto\" srcset=\"https:\/\/cartoambientalconverdad.org\/wp-content\/uploads\/2025\/11\/C_Politico-Adva-y-Poblacion-en-la-CRAA_GREEN.png 522w, https:\/\/cartoambientalconverdad.org\/wp-content\/uploads\/2025\/11\/C_Politico-Adva-y-Poblacion-en-la-CRAA_GREEN-300x172.png 300w, https:\/\/cartoambientalconverdad.org\/wp-content\/uploads\/2025\/11\/C_Politico-Adva-y-Poblacion-en-la-CRAA_GREEN-273x156.png 273w\" sizes=\"(max-width: 522px) 100vw, 522px\" \/><\/figure>\n\n\n\n<ul style=\"background-color:#def1ee\" class=\"wp-block-list has-headings-color has-text-color has-background has-link-color wp-elements-5abd2278e49112629a60d1e0ff48ecee\">\n<li class=\"has-headings-color has-text-color has-link-color wp-elements-2d365734c503fef78e92e105da151d81\">Un deceso humano cada 2.5 horas ocurrido en la cuenca entre 2015 y 2019 por causas de c\u00e1ncer o insuficiencia renal.<\/li>\n\n\n\n<li class=\"has-headings-color has-text-color has-link-color wp-elements-279cb4547660b90bf8d9ef1e3458a0e7\">La tasa de mortalidad por insuficiencia renal cr\u00f3nica en poblaci\u00f3n de entre 14 y 49 a\u00f1os que habita en la cuenca es 5% mayor que en todo el pa\u00eds.<\/li>\n\n\n\n<li class=\"has-headings-color has-text-color has-link-color wp-elements-2ed2370d78eb436f92ccdb7a3a13b390\">El 41% de todos los casos del pa\u00eds de Leucemia Aguda en menores de 19 a\u00f1os, se encuentran aqu\u00ed en la Cuenca del R\u00edo Alto Atoyac.<\/li>\n\n\n\n<li class=\"has-headings-color has-text-color has-link-color wp-elements-4b82143078b0a408538696a2a3d6297d\">El 19% de los adolescentes ya est\u00e1n metabolizando metales pesados como Plomo y Ars\u00e9nico<\/li>\n\n\n\n<li class=\"has-headings-color has-text-color has-link-color wp-elements-8a7abca7a72466dfe401dc538a50559f\">Desde 1960 inicia la instalaci\u00f3n de m\u00faltiples parques industriales, teniendo un marco legislativo ambiental laxo y adem\u00e1s, algunos sin cumplir estandares de saneamiento, generando descargas t\u00f3xicas a r\u00edos, barrancas y suelo.<\/li>\n\n\n\n<li class=\"has-headings-color has-text-color has-link-color wp-elements-bc43919908bd563ef0c8330c4bc5ef8d\">Hoy d\u00eda, existen 22,905 empresas de manufactura en esta cuenca, desde siderurgia, textil, qu\u00edmica, explotaci\u00f3n de madera, minerales, maquinaria, agroindustria, etc&#8230;<\/li>\n<\/ul>\n\n\n\n<figure class=\"wp-block-image size-full is-resized\"><img loading=\"lazy\" decoding=\"async\" width=\"582\" height=\"286\" src=\"https:\/\/cartoambientalconverdad.org\/wp-content\/uploads\/2025\/11\/Unidades-Economicas-Principales-en-la-CRAA_shrt_GR33N.png\" alt=\"\" class=\"wp-image-866\" style=\"width:630px;height:auto\" srcset=\"https:\/\/cartoambientalconverdad.org\/wp-content\/uploads\/2025\/11\/Unidades-Economicas-Principales-en-la-CRAA_shrt_GR33N.png 582w, https:\/\/cartoambientalconverdad.org\/wp-content\/uploads\/2025\/11\/Unidades-Economicas-Principales-en-la-CRAA_shrt_GR33N-300x147.png 300w, https:\/\/cartoambientalconverdad.org\/wp-content\/uploads\/2025\/11\/Unidades-Economicas-Principales-en-la-CRAA_shrt_GR33N-273x134.png 273w\" sizes=\"(max-width: 582px) 100vw, 582px\" \/><\/figure>\n\n\n\n<h2 class=\"wp-block-heading\"><\/h2>\n\n\n\n<p class=\"has-text-align-right has-sitebg-color has-headings-background-color has-text-color has-background has-link-color wp-elements-6371f116d0ed61972719a8c6e8e6fd27\">Developed: Norberto Barreda L\u00f3pez                                                                          (Ambientalista)<\/p>\n\n\n<div class=\"is-default-size alignright wp-block-site-logo\"><a href=\"https:\/\/cartoambientalconverdad.org\/\" class=\"custom-logo-link\" rel=\"home\"><img decoding=\"async\"   src=\"https:\/\/cartoambientalconverdad.org\/wp-content\/uploads\/2026\/02\/cropped-logo.png\" class=\"custom-logo\" alt=\"Recuperaci\u00f3n EcoSocial\" srcset=\"https:\/\/cartoambientalconverdad.org\/wp-content\/uploads\/2026\/02\/cropped-logo.png 2025w, https:\/\/cartoambientalconverdad.org\/wp-content\/uploads\/2026\/02\/cropped-logo-300x55.png 300w, https:\/\/cartoambientalconverdad.org\/wp-content\/uploads\/2026\/02\/cropped-logo-1024x189.png 1024w, https:\/\/cartoambientalconverdad.org\/wp-content\/uploads\/2026\/02\/cropped-logo-768x142.png 768w, https:\/\/cartoambientalconverdad.org\/wp-content\/uploads\/2026\/02\/cropped-logo-1536x284.png 1536w, https:\/\/cartoambientalconverdad.org\/wp-content\/uploads\/2026\/02\/cropped-logo-1080x199.png 1080w, https:\/\/cartoambientalconverdad.org\/wp-content\/uploads\/2026\/02\/cropped-logo-273x50.png 273w, https:\/\/cartoambientalconverdad.org\/wp-content\/uploads\/2026\/02\/cropped-logo-600x111.png 600w\" sizes=\"(max-width: 2025px) 100vw, 2025px\" \/><\/a><\/div>\n\n\n<ul class=\"wp-block-social-links aligncenter is-layout-flex wp-block-social-links-is-layout-flex\"><li class=\"wp-social-link wp-social-link-gravatar  wp-block-social-link\"><a href=\"https:\/\/gravatar.com\/barredalnb\" class=\"wp-block-social-link-anchor\"><svg width=\"24\" height=\"24\" viewBox=\"0 0 24 24\" version=\"1.1\" xmlns=\"http:\/\/www.w3.org\/2000\/svg\" aria-hidden=\"true\" focusable=\"false\"><path d=\"M10.8001 4.69937V10.6494C10.8001 11.1001 10.9791 11.5323 11.2978 11.851C11.6165 12.1697 12.0487 12.3487 12.4994 12.3487C12.9501 12.3487 13.3824 12.1697 13.7011 11.851C14.0198 11.5323 14.1988 11.1001 14.1988 10.6494V6.69089C15.2418 7.05861 16.1371 7.75537 16.7496 8.67617C17.3622 9.59698 17.6589 10.6919 17.595 11.796C17.5311 12.9001 17.1101 13.9535 16.3954 14.7975C15.6807 15.6415 14.711 16.2303 13.6325 16.4753C12.5541 16.7202 11.4252 16.608 10.4161 16.1555C9.40691 15.703 8.57217 14.9348 8.03763 13.9667C7.50308 12.9985 7.29769 11.8828 7.45242 10.7877C7.60714 9.69266 8.11359 8.67755 8.89545 7.89537C9.20904 7.57521 9.38364 7.14426 9.38132 6.69611C9.37899 6.24797 9.19994 5.81884 8.88305 5.50195C8.56616 5.18506 8.13704 5.00601 7.68889 5.00369C7.24075 5.00137 6.80979 5.17597 6.48964 5.48956C5.09907 6.8801 4.23369 8.7098 4.04094 10.6669C3.84819 12.624 4.34 14.5873 5.43257 16.2224C6.52515 17.8575 8.15088 19.0632 10.0328 19.634C11.9146 20.2049 13.9362 20.1055 15.753 19.3529C17.5699 18.6003 19.0695 17.241 19.9965 15.5066C20.9234 13.7722 21.2203 11.7701 20.8366 9.84133C20.4528 7.91259 19.4122 6.17658 17.892 4.92911C16.3717 3.68163 14.466 2.99987 12.4994 3C12.0487 3 11.6165 3.17904 11.2978 3.49773C10.9791 3.81643 10.8001 4.24867 10.8001 4.69937Z\" \/><\/svg><span class=\"wp-block-social-link-label screen-reader-text\">Gravatar<\/span><\/a><\/li><\/ul>\n","protected":false},"excerpt":{"rendered":"<p>Apunte legal y lo esperado: La autoridad facultada para otorgar mediante estudio previo una Concesi\u00f3n\/Asignaci\u00f3n de uso de agua, o punto de descarga de aguas &hellip;<\/p>\n","protected":false},"author":1,"featured_media":879,"comment_status":"closed","ping_status":"open","sticky":false,"template":"","format":"standard","meta":{"give_campaign_id":0,"_et_pb_use_builder":"off","_et_pb_old_content":"","_et_gb_content_width":"","_themeisle_gutenberg_block_has_review":false,"footnotes":""},"categories":[26],"tags":[],"class_list":["post-807","post","type-post","status-publish","format-standard","has-post-thumbnail","hentry","category-boletin-informativo"],"aioseo_notices":[],"_links":{"self":[{"href":"https:\/\/cartoambientalconverdad.org\/index.php\/wp-json\/wp\/v2\/posts\/807","targetHints":{"allow":["GET"]}}],"collection":[{"href":"https:\/\/cartoambientalconverdad.org\/index.php\/wp-json\/wp\/v2\/posts"}],"about":[{"href":"https:\/\/cartoambientalconverdad.org\/index.php\/wp-json\/wp\/v2\/types\/post"}],"author":[{"embeddable":true,"href":"https:\/\/cartoambientalconverdad.org\/index.php\/wp-json\/wp\/v2\/users\/1"}],"replies":[{"embeddable":true,"href":"https:\/\/cartoambientalconverdad.org\/index.php\/wp-json\/wp\/v2\/comments?post=807"}],"version-history":[{"count":28,"href":"https:\/\/cartoambientalconverdad.org\/index.php\/wp-json\/wp\/v2\/posts\/807\/revisions"}],"predecessor-version":[{"id":903,"href":"https:\/\/cartoambientalconverdad.org\/index.php\/wp-json\/wp\/v2\/posts\/807\/revisions\/903"}],"wp:featuredmedia":[{"embeddable":true,"href":"https:\/\/cartoambientalconverdad.org\/index.php\/wp-json\/wp\/v2\/media\/879"}],"wp:attachment":[{"href":"https:\/\/cartoambientalconverdad.org\/index.php\/wp-json\/wp\/v2\/media?parent=807"}],"wp:term":[{"taxonomy":"category","embeddable":true,"href":"https:\/\/cartoambientalconverdad.org\/index.php\/wp-json\/wp\/v2\/categories?post=807"},{"taxonomy":"post_tag","embeddable":true,"href":"https:\/\/cartoambientalconverdad.org\/index.php\/wp-json\/wp\/v2\/tags?post=807"}],"curies":[{"name":"wp","href":"https:\/\/api.w.org\/{rel}","templated":true}]}}