{"id":76,"date":"2025-01-19T20:25:18","date_gmt":"2025-01-20T02:25:18","guid":{"rendered":"https:\/\/cartoambientalconverdad.org\/?p=76"},"modified":"2025-06-05T22:31:17","modified_gmt":"2025-06-06T04:31:17","slug":"flujos-de-carbono-entre-paises-y-regiones","status":"publish","type":"post","link":"https:\/\/cartoambientalconverdad.org\/index.php\/2025\/01\/19\/flujos-de-carbono-entre-paises-y-regiones\/","title":{"rendered":"Flujos de Carbono entre Pa\u00edses y Regiones"},"content":{"rendered":"\n<figure class=\"wp-block-image size-full\"><img loading=\"lazy\" decoding=\"async\" width=\"909\" height=\"729\" src=\"https:\/\/cartoambientalconverdad.org\/wp-content\/uploads\/2025\/01\/FCPRPFA_Big.png\" alt=\"\" class=\"wp-image-356\" srcset=\"https:\/\/cartoambientalconverdad.org\/wp-content\/uploads\/2025\/01\/FCPRPFA_Big.png 909w, https:\/\/cartoambientalconverdad.org\/wp-content\/uploads\/2025\/01\/FCPRPFA_Big-300x241.png 300w, https:\/\/cartoambientalconverdad.org\/wp-content\/uploads\/2025\/01\/FCPRPFA_Big-768x616.png 768w, https:\/\/cartoambientalconverdad.org\/wp-content\/uploads\/2025\/01\/FCPRPFA_Big-374x300.png 374w, https:\/\/cartoambientalconverdad.org\/wp-content\/uploads\/2025\/01\/FCPRPFA_Big-310x250.png 310w, https:\/\/cartoambientalconverdad.org\/wp-content\/uploads\/2025\/01\/FCPRPFA_Big-600x481.png 600w\" sizes=\"(max-width: 909px) 100vw, 909px\" \/><\/figure>\n\n\n\n<p class=\"has-headings-color has-text-color has-background has-link-color wp-elements-eedd04815347305b6d09448fe6f0d5ba\" style=\"background-color:#def1ee\">Estimaciones actuales del flujo de carbono en aguas continentales en TgCY<sup>-1<\/sup> procedente de tres fuentes continentales (r\u00edos, lagos y estuarios) para tres bandas de latitud y seis regiones, seg\u00fan se estima utilizando un enfoque ascendente basado en una alta resoluci\u00f3n espacial (0,5\u00b0 ) productos. Las barras apiladas muestran un desglose por pa\u00eds para cada regi\u00f3n. Fuentes de datos: Hastie et al. (2018), Lauerwald et al. (2015), Laruelle et al. (2013), Raymond et al. (2013) y Regnier et al. (2013).<\/p>\n","protected":false},"excerpt":{"rendered":"<p>Estimaciones actuales del flujo de carbono en aguas continentales en TgCY-1 procedente de tres fuentes continentales (r\u00edos, lagos y estuarios) para tres bandas de latitud &hellip;<\/p>\n","protected":false},"author":1,"featured_media":431,"comment_status":"open","ping_status":"open","sticky":false,"template":"","format":"standard","meta":{"give_campaign_id":0,"_et_pb_use_builder":"off","_et_pb_old_content":"","_et_gb_content_width":"","_themeisle_gutenberg_block_has_review":false,"footnotes":""},"categories":[26],"tags":[],"class_list":["post-76","post","type-post","status-publish","format-standard","has-post-thumbnail","hentry","category-boletin-informativo"],"aioseo_notices":[],"_links":{"self":[{"href":"https:\/\/cartoambientalconverdad.org\/index.php\/wp-json\/wp\/v2\/posts\/76","targetHints":{"allow":["GET"]}}],"collection":[{"href":"https:\/\/cartoambientalconverdad.org\/index.php\/wp-json\/wp\/v2\/posts"}],"about":[{"href":"https:\/\/cartoambientalconverdad.org\/index.php\/wp-json\/wp\/v2\/types\/post"}],"author":[{"embeddable":true,"href":"https:\/\/cartoambientalconverdad.org\/index.php\/wp-json\/wp\/v2\/users\/1"}],"replies":[{"embeddable":true,"href":"https:\/\/cartoambientalconverdad.org\/index.php\/wp-json\/wp\/v2\/comments?post=76"}],"version-history":[{"count":6,"href":"https:\/\/cartoambientalconverdad.org\/index.php\/wp-json\/wp\/v2\/posts\/76\/revisions"}],"predecessor-version":[{"id":446,"href":"https:\/\/cartoambientalconverdad.org\/index.php\/wp-json\/wp\/v2\/posts\/76\/revisions\/446"}],"wp:featuredmedia":[{"embeddable":true,"href":"https:\/\/cartoambientalconverdad.org\/index.php\/wp-json\/wp\/v2\/media\/431"}],"wp:attachment":[{"href":"https:\/\/cartoambientalconverdad.org\/index.php\/wp-json\/wp\/v2\/media?parent=76"}],"wp:term":[{"taxonomy":"category","embeddable":true,"href":"https:\/\/cartoambientalconverdad.org\/index.php\/wp-json\/wp\/v2\/categories?post=76"},{"taxonomy":"post_tag","embeddable":true,"href":"https:\/\/cartoambientalconverdad.org\/index.php\/wp-json\/wp\/v2\/tags?post=76"}],"curies":[{"name":"wp","href":"https:\/\/api.w.org\/{rel}","templated":true}]}}