{"id":729,"date":"2025-10-13T18:32:23","date_gmt":"2025-10-14T00:32:23","guid":{"rendered":"https:\/\/cartoambientalconverdad.org\/?p=729"},"modified":"2025-11-24T13:25:54","modified_gmt":"2025-11-24T19:25:54","slug":"cuenca-rio-alto-atoyac-desastre-evolucion-y-futuro","status":"publish","type":"post","link":"https:\/\/cartoambientalconverdad.org\/index.php\/2025\/10\/13\/cuenca-rio-alto-atoyac-desastre-evolucion-y-futuro\/","title":{"rendered":"Cuenca R\u00edo Alto Atoyac: desastre, evoluci\u00f3n y futuro"},"content":{"rendered":"\n<figure class=\"wp-block-image size-large\"><img loading=\"lazy\" decoding=\"async\" width=\"1024\" height=\"679\" src=\"https:\/\/cartoambientalconverdad.org\/wp-content\/uploads\/2025\/10\/aspecto-actual-cuenca-atoyac-1024x679.jpeg\" alt=\"\" class=\"wp-image-764\" srcset=\"https:\/\/cartoambientalconverdad.org\/wp-content\/uploads\/2025\/10\/aspecto-actual-cuenca-atoyac-1024x679.jpeg 1024w, https:\/\/cartoambientalconverdad.org\/wp-content\/uploads\/2025\/10\/aspecto-actual-cuenca-atoyac-300x199.jpeg 300w, https:\/\/cartoambientalconverdad.org\/wp-content\/uploads\/2025\/10\/aspecto-actual-cuenca-atoyac-768x509.jpeg 768w, https:\/\/cartoambientalconverdad.org\/wp-content\/uploads\/2025\/10\/aspecto-actual-cuenca-atoyac-273x181.jpeg 273w, https:\/\/cartoambientalconverdad.org\/wp-content\/uploads\/2025\/10\/aspecto-actual-cuenca-atoyac-600x398.jpeg 600w, https:\/\/cartoambientalconverdad.org\/wp-content\/uploads\/2025\/10\/aspecto-actual-cuenca-atoyac.jpeg 1080w\" sizes=\"(max-width: 1024px) 100vw, 1024px\" \/><\/figure>\n\n\n\n<p class=\"has-headings-color has-text-color has-background has-link-color has-large-font-size wp-elements-3cf217100446a6085e6a5f9b34b1cafb\" style=\"background-color:#def1ee\"><strong><em>Antecedente<\/em><\/strong>:<\/p>\n\n\n\n<p class=\"has-headings-color has-text-color has-background has-link-color wp-elements-70e8707caa32447c36eaa54e81ef609a\" style=\"background-color:#def1ee\">La Cuenca del R\u00edo Alto Atoyac est\u00e1 catalogada como uno de los tres infiernos ambientales de M\u00e9xico y adem\u00e1s fue declarada Regi\u00f3n de Emergencia Sanitaria y Ambiental (RESA) por el Gobierno Federal debido a graves afectaciones a la salud humana relacionadas con la contaminaci\u00f3n ambiental. Para dar idea del impacto ambiental y sanitario que se ha derivado, hag\u00e1mos una breve rese\u00f1a sobre el origen y evoluci\u00f3n del problema<\/p>\n\n\n\n<p class=\"has-headings-color has-text-color has-background has-link-color wp-elements-6331f79ab687867593ddef6602f33020\" style=\"background-color:#def1ee\">La devastaci\u00f3n socioambiental en la cuenca comenz\u00f3 en la d\u00e9cada de 1960 con la construcci\u00f3n de la autopista M\u00e9xico-Puebla y la instalaci\u00f3n de grandes corredores industriales. En la d\u00e9cada de 1990, tras la entrada en vigor del Tratado de Libre Comercio de Am\u00e9rica del Norte, el crecimiento industrial se aceler\u00f3 y aument\u00f3 significativamente la problem\u00e1tica ambiental.<\/p>\n\n\n\n<figure class=\"wp-block-image size-large\"><img loading=\"lazy\" decoding=\"async\" width=\"1024\" height=\"663\" src=\"https:\/\/cartoambientalconverdad.org\/wp-content\/uploads\/2025\/10\/Contaminacion-Cuenca-RAAtoyac-Esc1-Min-Manuf-Servs_M3-1024x663.jpg\" alt=\"\" class=\"wp-image-762\" srcset=\"https:\/\/cartoambientalconverdad.org\/wp-content\/uploads\/2025\/10\/Contaminacion-Cuenca-RAAtoyac-Esc1-Min-Manuf-Servs_M3-1024x663.jpg 1024w, https:\/\/cartoambientalconverdad.org\/wp-content\/uploads\/2025\/10\/Contaminacion-Cuenca-RAAtoyac-Esc1-Min-Manuf-Servs_M3-300x194.jpg 300w, https:\/\/cartoambientalconverdad.org\/wp-content\/uploads\/2025\/10\/Contaminacion-Cuenca-RAAtoyac-Esc1-Min-Manuf-Servs_M3-768x497.jpg 768w, https:\/\/cartoambientalconverdad.org\/wp-content\/uploads\/2025\/10\/Contaminacion-Cuenca-RAAtoyac-Esc1-Min-Manuf-Servs_M3-1536x994.jpg 1536w, https:\/\/cartoambientalconverdad.org\/wp-content\/uploads\/2025\/10\/Contaminacion-Cuenca-RAAtoyac-Esc1-Min-Manuf-Servs_M3-2048x1325.jpg 2048w, https:\/\/cartoambientalconverdad.org\/wp-content\/uploads\/2025\/10\/Contaminacion-Cuenca-RAAtoyac-Esc1-Min-Manuf-Servs_M3-1080x699.jpg 1080w, https:\/\/cartoambientalconverdad.org\/wp-content\/uploads\/2025\/10\/Contaminacion-Cuenca-RAAtoyac-Esc1-Min-Manuf-Servs_M3-273x177.jpg 273w, https:\/\/cartoambientalconverdad.org\/wp-content\/uploads\/2025\/10\/Contaminacion-Cuenca-RAAtoyac-Esc1-Min-Manuf-Servs_M3-600x388.jpg 600w\" sizes=\"(max-width: 1024px) 100vw, 1024px\" \/><\/figure>\n\n\n\n<p class=\"has-headings-color has-text-color has-background has-link-color has-large-font-size wp-elements-72e6d0c55c740d6f62b86c56e36bb287\" style=\"background-color:#def1ee\"><em><strong>Enumeremos los puntos incidentes mas graves desde 1970:<\/strong><\/em><\/p>\n\n\n\n<ul style=\"background-color:#def1ee\" class=\"wp-block-list has-headings-color has-text-color has-background has-link-color wp-elements-cd026d6c44b83637b89b8ce5e9d3bde7\">\n<li class=\"has-headings-color has-text-color has-link-color wp-elements-d9cb2ee94d5fc34c2d090bb9b40f4204\">En cuanto a la actividad agr\u00edcola, aproximadamente el 60% del territorio de la cuenca es \u00e1rea agr\u00edcola, con uso intensivo de agrot\u00f3xicos como plaguicidas y fertilizantes sint\u00e9ticos que contribuyen a la contaminaci\u00f3n.\u200b<\/li>\n\n\n\n<li class=\"has-headings-color has-text-color has-link-color wp-elements-c83b760bbe645203f5794699a40ec77c\">La deforestaci\u00f3n ha reducido dr\u00e1sticamente la cobertura boscosa en la regi\u00f3n, con una disminuci\u00f3n del 74% entre 1979 y 2014, incrementando la vulnerabilidad ambiental.\u200b<\/li>\n\n\n\n<li class=\"has-headings-color has-text-color has-link-color wp-elements-70f61cf56512523a34a6c5efb0785c0d\">En t\u00e9rminos industriales, la cuenca cuenta con cientos de empresas y talleres que vierten aguas residuales muy t\u00f3xicas directamente a los cauces, adem\u00e1s de contaminantes al aire y al suelo. En 2022 se registraron al menos 219 empresas que vertieron aguas residuales diariamente, y se estima que en la cuenca hay m\u00e1s de 300 empresas contaminantes, incluyendo negocios informales y talleres que afectan severamente la calidad ambiental.\u200b<\/li>\n\n\n\n<li class=\"has-headings-color has-text-color has-link-color wp-elements-64699c6faf72151ed5aa790e8071a921\">La infraestructura para el tratamiento de aguas residuales es insuficiente, con muchas plantas tratadoras en ruinas o inoperables, lo que significa que diariamente grandes vol\u00famenes de agua contaminada se descargan sin tratamiento a los r\u00edos y barrancas, agravando la crisis ambiental.\u200b<\/li>\n\n\n\n<li class=\"has-headings-color has-text-color has-link-color wp-elements-9e4a70a06d985b45b38eb8c1fcf36bd2\">La contaminaci\u00f3n qu\u00edmica, incluyendo compuestos cancer\u00edgenos y coliformes fecales, ha generado graves impactos en la salud de la poblaci\u00f3n, con incrementos en enfermedades cr\u00f3nicas como c\u00e1ncer e insuficiencia renal.<\/li>\n<\/ul>\n\n\n\n<p class=\"has-headings-color has-text-color has-background has-link-color has-large-font-size wp-elements-a6dd5479b44b95e7b27e43e4b64e8347\" style=\"background-color:#def1ee\"><em><strong>Repercusiones ambientales y en salud<\/strong><\/em><\/p>\n\n\n\n<ul style=\"background-color:#def1ee\" class=\"wp-block-list has-background\">\n<li class=\"has-headings-color has-text-color has-link-color wp-elements-316e7e0362d1a416e244d478b98f707d\">Degradaci\u00f3n de ecosistemas acu\u00e1ticos y terrestres, reducci\u00f3n significativa de bosques y alteraci\u00f3n del balance ecol\u00f3gico.<\/li>\n\n\n\n<li class=\"has-headings-color has-text-color has-link-color wp-elements-5041479b6c2d0ef22d491da594540235\">Contaminaci\u00f3n de agua para consumo y uso agr\u00edcola que afecta calidad de vida y medios de subsistencia.<\/li>\n\n\n\n<li class=\"has-headings-color has-text-color has-link-color wp-elements-1757a90fac72d54d77ad9f13a9b8a996\">Aumento de enfermedades cr\u00f3nicas no transmisibles, incluyendo c\u00e1ncer, abortos espont\u00e1neos, y problemas renales.<\/li>\n\n\n\n<li class=\"has-headings-color has-text-color has-link-color wp-elements-10cb93e578aa9d7a786b18684b3f37d7\">Exposici\u00f3n prolongada a sustancias t\u00f3xicas v\u00eda agua, suelo, aire y alimentos con efectos agudos y cr\u00f3nicos.\u200b<\/li>\n<\/ul>\n\n\n\n<p class=\"has-headings-color has-text-color has-background has-link-color wp-elements-dcc542e155c46333629353c97794dd77\" style=\"background-color:#def1ee\">Este panorama muestra una historia de crecimiento econ\u00f3mico basado en modelos industriales y agr\u00edcolas contaminantes con falta de regulaci\u00f3n efectiva y tratamiento de residuos, que han llevado a una severa crisis socioambiental y sanitaria en la Cuenca del Alto Atoyac. La respuesta institucional ha sido insuficiente para revertir el da\u00f1o acumulado.<\/p>\n\n\n\n<p class=\"has-headings-color has-text-color has-background has-link-color has-large-font-size wp-elements-73c18c6c288e02ea87c752805ea3429b\" style=\"background-color:#def1ee\"><em><strong>12,500 viviendas sin infraestructura b\u00e1sica de servicio en la zona metropolitana de Puebla<\/strong><\/em><\/p>\n\n\n\n<figure class=\"wp-block-image size-large\"><img loading=\"lazy\" decoding=\"async\" width=\"1024\" height=\"673\" src=\"https:\/\/cartoambientalconverdad.org\/wp-content\/uploads\/2025\/10\/Viviendas-sin-acceso-al-agua-Radio-2Km-ZM6Mpios-1024x673.png\" alt=\"\" class=\"wp-image-743\" srcset=\"https:\/\/cartoambientalconverdad.org\/wp-content\/uploads\/2025\/10\/Viviendas-sin-acceso-al-agua-Radio-2Km-ZM6Mpios-1024x673.png 1024w, https:\/\/cartoambientalconverdad.org\/wp-content\/uploads\/2025\/10\/Viviendas-sin-acceso-al-agua-Radio-2Km-ZM6Mpios-300x197.png 300w, https:\/\/cartoambientalconverdad.org\/wp-content\/uploads\/2025\/10\/Viviendas-sin-acceso-al-agua-Radio-2Km-ZM6Mpios-768x504.png 768w, https:\/\/cartoambientalconverdad.org\/wp-content\/uploads\/2025\/10\/Viviendas-sin-acceso-al-agua-Radio-2Km-ZM6Mpios-1536x1009.png 1536w, https:\/\/cartoambientalconverdad.org\/wp-content\/uploads\/2025\/10\/Viviendas-sin-acceso-al-agua-Radio-2Km-ZM6Mpios-2048x1345.png 2048w, https:\/\/cartoambientalconverdad.org\/wp-content\/uploads\/2025\/10\/Viviendas-sin-acceso-al-agua-Radio-2Km-ZM6Mpios-1080x709.png 1080w, https:\/\/cartoambientalconverdad.org\/wp-content\/uploads\/2025\/10\/Viviendas-sin-acceso-al-agua-Radio-2Km-ZM6Mpios-273x179.png 273w, https:\/\/cartoambientalconverdad.org\/wp-content\/uploads\/2025\/10\/Viviendas-sin-acceso-al-agua-Radio-2Km-ZM6Mpios-600x394.png 600w\" sizes=\"(max-width: 1024px) 100vw, 1024px\" \/><\/figure>\n\n\n\n<ul style=\"background-color:#def1ee\" class=\"wp-block-list has-headings-color has-text-color has-background has-link-color wp-elements-8fc8b30d95dca962c9eaff4e1cd8e517\">\n<li class=\"has-headings-color has-text-color has-link-color wp-elements-8aadebaa082eb0a5efb449a0097ea4d4\">65 millones de m3 de descargas de la red p\u00fablica e industria van directo a los cuerpos de agua superficiales de la metr\u00f3polis, ya que la empresa privada que tiene concesionado el servicio no realiza el saneamiento(60%)<\/li>\n\n\n\n<li class=\"has-headings-color has-text-color has-link-color wp-elements-ee6a331633a278df32def0fb8205cd6f\">12,500 viviendas sin drenaje ni acometida de agua en el hogar son altamente vulnerables a padecimientos de enfermedades catastr\u00f3ficas<\/li>\n\n\n\n<li class=\"has-headings-color has-text-color has-link-color wp-elements-600a156260bcccd23552f7b984e47a95\">Mas de un mill\u00f3n de mujeres a merced de padecer c\u00e1ncer y abortos a causa de radicar en las cercan\u00edas de los r\u00edos alimentadores de la presa Manuel Avila Camacho, Valsequillo.<\/li>\n\n\n\n<li class=\"has-headings-color has-text-color has-link-color wp-elements-9708f3efacd59930bd0d09d1ff973b83\">Alta contaminaci\u00f3n t\u00f3xica por metales pesados en el aire por aerosoles, del suelo por filtraci\u00f3n y productos agr\u00edcolas por riego en el desboque de la presa mencionada.<\/li>\n<\/ul>\n\n\n\n<p class=\"has-headings-color has-text-color has-background has-link-color has-large-font-size wp-elements-537ecc7af22978e5902e91ff536c03e3\" style=\"background-color:#def1ee\"><strong><em>Panorama esperado a corto plazo<\/em><\/strong><\/p>\n\n\n\n<ul style=\"background-color:#def1ee\" class=\"wp-block-list has-headings-color has-text-color has-background has-link-color wp-elements-43555bb3ad53dd5e435ca7121440a924\">\n<li class=\"has-headings-color has-text-color has-link-color wp-elements-dc175bbef468438b2782bd2371e69a5e\">Se prev\u00e9 una mejora gradual en la calidad del agua y en los servicios ambientales hidrol\u00f3gicos debido a la restauraci\u00f3n de \u00e1reas prioritarias con alto potencial para infiltraci\u00f3n y recarga h\u00eddrica, as\u00ed como conservaci\u00f3n del bosque y suelo.\u200b<\/li>\n\n\n\n<li class=\"has-headings-color has-text-color has-link-color wp-elements-c87c9a3d9f22a442f552b03d005d6bdf\">Los beneficios para la salud p\u00fablica podr\u00edan reflejarse a mediano plazo con la reducci\u00f3n de episodios agudos de enfermedades relacionadas con contaminaci\u00f3n, aunque los da\u00f1os cr\u00f3nicos requerir\u00e1n m\u00e1s tiempo para revertirse.\u200b<\/li>\n\n\n\n<li class=\"has-headings-color has-text-color has-link-color wp-elements-83b76396853b58b91bf7efc48e76c7b4\">La coordinaci\u00f3n y compromiso pol\u00edtico p\u00fablico-privado seguir\u00e1 siendo clave para ejecutar efectivamente las acciones y evitar rezagos o corrupci\u00f3n en la administraci\u00f3n de recursos.\u200b<\/li>\n\n\n\n<li class=\"has-headings-color has-text-color has-link-color wp-elements-2fb77da93f8b01c7e78eb0c1d6bef897\">Se necesitan fortalecer las capacidades t\u00e9cnicas y financieras municipales para el tratamiento adecuado de aguas residuales y manejo integral de residuos industriales, lo que es un gran desaf\u00edo actual.\u200b<\/li>\n<\/ul>\n\n\n\n<p class=\"has-headings-color has-text-color has-background has-link-color wp-elements-c899dfbb38a9245c87e327a07b8e8265\" style=\"background-color:#def1ee\">Probablemente la cuenca necesitar\u00e1 varios a\u00f1os m\u00e1s de acciones integrales, monitoreo continuo y participaci\u00f3n activa de todos los actores para lograr una restauraci\u00f3n ambiental profunda y resarcir los da\u00f1os sanitarios hist\u00f3ricos.\u200b<\/p>\n\n\n\n<p class=\"has-headings-color has-text-color has-background has-link-color wp-elements-4ebe261876bf64930b0dc34e07cbdc2b\" style=\"background-color:#def1ee\">En resumen, las iniciativas actuales son un paso importante pero los retos t\u00e9cnicos, sociales y pol\u00edticos todav\u00eda son elevados para restaurar completamente la cuenca y proteger a la poblaci\u00f3n en el corto plazo. La vigilancia, transparencia y compromiso multiactor ser\u00e1n decisivos para alcanzar resultados sostenibles. <\/p>\n\n\n\n<p class=\"has-text-align-right has-sitebg-color has-headings-background-color has-text-color has-background has-link-color wp-elements-1db8b92342ccf69967d3d43559291a89\">Developed: Norberto Barreda L\u00f3pez (Ambientalista)<\/p>\n\n\n\n<ul class=\"wp-block-social-links aligncenter is-layout-flex wp-block-social-links-is-layout-flex\"><li class=\"wp-social-link wp-social-link-gravatar  wp-block-social-link\"><a rel=\"me\" href=\"https:\/\/gravatar.com\/barredalnb\" class=\"wp-block-social-link-anchor\"><svg width=\"24\" height=\"24\" viewBox=\"0 0 24 24\" version=\"1.1\" xmlns=\"http:\/\/www.w3.org\/2000\/svg\" aria-hidden=\"true\" focusable=\"false\"><path d=\"M10.8001 4.69937V10.6494C10.8001 11.1001 10.9791 11.5323 11.2978 11.851C11.6165 12.1697 12.0487 12.3487 12.4994 12.3487C12.9501 12.3487 13.3824 12.1697 13.7011 11.851C14.0198 11.5323 14.1988 11.1001 14.1988 10.6494V6.69089C15.2418 7.05861 16.1371 7.75537 16.7496 8.67617C17.3622 9.59698 17.6589 10.6919 17.595 11.796C17.5311 12.9001 17.1101 13.9535 16.3954 14.7975C15.6807 15.6415 14.711 16.2303 13.6325 16.4753C12.5541 16.7202 11.4252 16.608 10.4161 16.1555C9.40691 15.703 8.57217 14.9348 8.03763 13.9667C7.50308 12.9985 7.29769 11.8828 7.45242 10.7877C7.60714 9.69266 8.11359 8.67755 8.89545 7.89537C9.20904 7.57521 9.38364 7.14426 9.38132 6.69611C9.37899 6.24797 9.19994 5.81884 8.88305 5.50195C8.56616 5.18506 8.13704 5.00601 7.68889 5.00369C7.24075 5.00137 6.80979 5.17597 6.48964 5.48956C5.09907 6.8801 4.23369 8.7098 4.04094 10.6669C3.84819 12.624 4.34 14.5873 5.43257 16.2224C6.52515 17.8575 8.15088 19.0632 10.0328 19.634C11.9146 20.2049 13.9362 20.1055 15.753 19.3529C17.5699 18.6003 19.0695 17.241 19.9965 15.5066C20.9234 13.7722 21.2203 11.7701 20.8366 9.84133C20.4528 7.91259 19.4122 6.17658 17.892 4.92911C16.3717 3.68163 14.466 2.99987 12.4994 3C12.0487 3 11.6165 3.17904 11.2978 3.49773C10.9791 3.81643 10.8001 4.24867 10.8001 4.69937Z\" \/><\/svg><span class=\"wp-block-social-link-label screen-reader-text\">Gravatar<\/span><\/a><\/li><\/ul>\n","protected":false},"excerpt":{"rendered":"<p>Antecedente: La Cuenca del R\u00edo Alto Atoyac est\u00e1 catalogada como uno de los tres infiernos ambientales de M\u00e9xico y adem\u00e1s fue declarada Regi\u00f3n de Emergencia &hellip;<\/p>\n","protected":false},"author":1,"featured_media":767,"comment_status":"closed","ping_status":"open","sticky":false,"template":"","format":"standard","meta":{"give_campaign_id":0,"_et_pb_use_builder":"off","_et_pb_old_content":"","_et_gb_content_width":"","_themeisle_gutenberg_block_has_review":false,"footnotes":""},"categories":[26],"tags":[],"class_list":["post-729","post","type-post","status-publish","format-standard","has-post-thumbnail","hentry","category-boletin-informativo"],"aioseo_notices":[],"_links":{"self":[{"href":"https:\/\/cartoambientalconverdad.org\/index.php\/wp-json\/wp\/v2\/posts\/729","targetHints":{"allow":["GET"]}}],"collection":[{"href":"https:\/\/cartoambientalconverdad.org\/index.php\/wp-json\/wp\/v2\/posts"}],"about":[{"href":"https:\/\/cartoambientalconverdad.org\/index.php\/wp-json\/wp\/v2\/types\/post"}],"author":[{"embeddable":true,"href":"https:\/\/cartoambientalconverdad.org\/index.php\/wp-json\/wp\/v2\/users\/1"}],"replies":[{"embeddable":true,"href":"https:\/\/cartoambientalconverdad.org\/index.php\/wp-json\/wp\/v2\/comments?post=729"}],"version-history":[{"count":20,"href":"https:\/\/cartoambientalconverdad.org\/index.php\/wp-json\/wp\/v2\/posts\/729\/revisions"}],"predecessor-version":[{"id":839,"href":"https:\/\/cartoambientalconverdad.org\/index.php\/wp-json\/wp\/v2\/posts\/729\/revisions\/839"}],"wp:featuredmedia":[{"embeddable":true,"href":"https:\/\/cartoambientalconverdad.org\/index.php\/wp-json\/wp\/v2\/media\/767"}],"wp:attachment":[{"href":"https:\/\/cartoambientalconverdad.org\/index.php\/wp-json\/wp\/v2\/media?parent=729"}],"wp:term":[{"taxonomy":"category","embeddable":true,"href":"https:\/\/cartoambientalconverdad.org\/index.php\/wp-json\/wp\/v2\/categories?post=729"},{"taxonomy":"post_tag","embeddable":true,"href":"https:\/\/cartoambientalconverdad.org\/index.php\/wp-json\/wp\/v2\/tags?post=729"}],"curies":[{"name":"wp","href":"https:\/\/api.w.org\/{rel}","templated":true}]}}