{"id":428,"date":"2025-06-05T22:09:16","date_gmt":"2025-06-06T04:09:16","guid":{"rendered":"https:\/\/cartoambientalconverdad.org\/?p=428"},"modified":"2025-10-13T22:54:07","modified_gmt":"2025-10-14T04:54:07","slug":"dia-internacional-del-medio-ambiente-celebraremos","status":"publish","type":"post","link":"https:\/\/cartoambientalconverdad.org\/index.php\/2025\/06\/05\/dia-internacional-del-medio-ambiente-celebraremos\/","title":{"rendered":"D\u00eda Internacional del Medio Ambiente; Celebramos?"},"content":{"rendered":"<div class=\"wp-block-image\">\n<figure class=\"aligncenter size-full is-resized\"><img loading=\"lazy\" decoding=\"async\" width=\"564\" height=\"564\" src=\"https:\/\/cartoambientalconverdad.org\/wp-content\/uploads\/2025\/06\/Pollution1.jpg\" alt=\"\" class=\"wp-image-448\" style=\"width:680px;height:auto\" srcset=\"https:\/\/cartoambientalconverdad.org\/wp-content\/uploads\/2025\/06\/Pollution1.jpg 564w, https:\/\/cartoambientalconverdad.org\/wp-content\/uploads\/2025\/06\/Pollution1-300x300.jpg 300w, https:\/\/cartoambientalconverdad.org\/wp-content\/uploads\/2025\/06\/Pollution1-150x150.jpg 150w, https:\/\/cartoambientalconverdad.org\/wp-content\/uploads\/2025\/06\/Pollution1-297x297.jpg 297w, https:\/\/cartoambientalconverdad.org\/wp-content\/uploads\/2025\/06\/Pollution1-100x100.jpg 100w\" sizes=\"(max-width: 564px) 100vw, 564px\" \/><\/figure>\n<\/div>\n\n\n<p class=\"has-text-align-right has-headings-color has-text-color has-background has-link-color wp-elements-c308bb856d31ae2f05029645fb0d8637\" style=\"background-color:#def1ee\">Hoy, 5 de junio de 2025, conmemoramos el D\u00eda Mundial del Ambiente bajo el lema #SinContaminaci\u00f3nPorPl\u00e1sticos, pero la realidad nos confronta con una paradoja dolorosa: hay poco que celebrar y mucho por remediar. Mientras reflexionamos sobre nuestro planeta, los datos revelan una emergencia clim\u00e1tica imparable donde la temperatura mundial ha aumentado 1,11\u00b0C desde la \u00e9poca preindustrial, y la contaminaci\u00f3n del aire por combustibles f\u00f3siles cobra 4,5 millones de vidas anuales. La industria extractiva, especialmente la miner\u00eda en Am\u00e9rica Latina, contin\u00faa contaminando irremediablemente nuestros recursos h\u00eddricos con drenaje \u00e1cido y materiales t\u00f3xicos, mientras las ganancias se concentran en empresas extranjeras y los costos ambientales se socializan. Con m\u00e1s de 400 millones de toneladas de pl\u00e1stico producidas anualmente y solo un 10% reciclado, enfrentamos una crisis donde 108 millones de personas requieren ayuda humanitaria debido a desastres naturales. Este d\u00eda no debe ser una celebraci\u00f3n vac\u00eda, sino un llamado urgente a responsabilizar a las industrias m\u00e1s contaminantes y exigir pol\u00edticas que prioricen la vida sobre las ganancias. La verdadera conmemoraci\u00f3n ser\u00e1 cuando podamos respirar aire limpio, beber agua pura y vivir en un planeta que regenere vida en lugar de destruirla. <\/p>\n\n\n\n<p class=\"has-text-align-right has-sitebg-color has-text-color has-background has-link-color wp-elements-141c7579b07bcc1f8c4da243bd63d9ee\" style=\"background-color:#000000\">Developed: Norberto Barreda L\u00f3pez (Ambientalista)<\/p>\n\n\n\n<ul class=\"wp-block-social-links aligncenter is-layout-flex wp-block-social-links-is-layout-flex\"><li class=\"wp-social-link wp-social-link-gravatar  wp-block-social-link\"><a rel=\"me\" href=\"https:\/\/gravatar.com\/barredalnb\" class=\"wp-block-social-link-anchor\"><svg width=\"24\" height=\"24\" viewBox=\"0 0 24 24\" version=\"1.1\" xmlns=\"http:\/\/www.w3.org\/2000\/svg\" aria-hidden=\"true\" focusable=\"false\"><path d=\"M10.8001 4.69937V10.6494C10.8001 11.1001 10.9791 11.5323 11.2978 11.851C11.6165 12.1697 12.0487 12.3487 12.4994 12.3487C12.9501 12.3487 13.3824 12.1697 13.7011 11.851C14.0198 11.5323 14.1988 11.1001 14.1988 10.6494V6.69089C15.2418 7.05861 16.1371 7.75537 16.7496 8.67617C17.3622 9.59698 17.6589 10.6919 17.595 11.796C17.5311 12.9001 17.1101 13.9535 16.3954 14.7975C15.6807 15.6415 14.711 16.2303 13.6325 16.4753C12.5541 16.7202 11.4252 16.608 10.4161 16.1555C9.40691 15.703 8.57217 14.9348 8.03763 13.9667C7.50308 12.9985 7.29769 11.8828 7.45242 10.7877C7.60714 9.69266 8.11359 8.67755 8.89545 7.89537C9.20904 7.57521 9.38364 7.14426 9.38132 6.69611C9.37899 6.24797 9.19994 5.81884 8.88305 5.50195C8.56616 5.18506 8.13704 5.00601 7.68889 5.00369C7.24075 5.00137 6.80979 5.17597 6.48964 5.48956C5.09907 6.8801 4.23369 8.7098 4.04094 10.6669C3.84819 12.624 4.34 14.5873 5.43257 16.2224C6.52515 17.8575 8.15088 19.0632 10.0328 19.634C11.9146 20.2049 13.9362 20.1055 15.753 19.3529C17.5699 18.6003 19.0695 17.241 19.9965 15.5066C20.9234 13.7722 21.2203 11.7701 20.8366 9.84133C20.4528 7.91259 19.4122 6.17658 17.892 4.92911C16.3717 3.68163 14.466 2.99987 12.4994 3C12.0487 3 11.6165 3.17904 11.2978 3.49773C10.9791 3.81643 10.8001 4.24867 10.8001 4.69937Z\" \/><\/svg><span class=\"wp-block-social-link-label screen-reader-text\">Gravatar<\/span><\/a><\/li><\/ul>\n","protected":false},"excerpt":{"rendered":"<p>Hoy, 5 de junio de 2025, conmemoramos el D\u00eda Mundial del Ambiente bajo el lema #SinContaminaci\u00f3nPorPl\u00e1sticos, pero la realidad nos confronta con una paradoja dolorosa: &hellip;<\/p>\n","protected":false},"author":1,"featured_media":429,"comment_status":"closed","ping_status":"open","sticky":false,"template":"","format":"standard","meta":{"give_campaign_id":0,"_et_pb_use_builder":"off","_et_pb_old_content":"","_et_gb_content_width":"","_themeisle_gutenberg_block_has_review":false,"footnotes":""},"categories":[26],"tags":[],"class_list":["post-428","post","type-post","status-publish","format-standard","has-post-thumbnail","hentry","category-boletin-informativo"],"aioseo_notices":[],"_links":{"self":[{"href":"https:\/\/cartoambientalconverdad.org\/index.php\/wp-json\/wp\/v2\/posts\/428","targetHints":{"allow":["GET"]}}],"collection":[{"href":"https:\/\/cartoambientalconverdad.org\/index.php\/wp-json\/wp\/v2\/posts"}],"about":[{"href":"https:\/\/cartoambientalconverdad.org\/index.php\/wp-json\/wp\/v2\/types\/post"}],"author":[{"embeddable":true,"href":"https:\/\/cartoambientalconverdad.org\/index.php\/wp-json\/wp\/v2\/users\/1"}],"replies":[{"embeddable":true,"href":"https:\/\/cartoambientalconverdad.org\/index.php\/wp-json\/wp\/v2\/comments?post=428"}],"version-history":[{"count":16,"href":"https:\/\/cartoambientalconverdad.org\/index.php\/wp-json\/wp\/v2\/posts\/428\/revisions"}],"predecessor-version":[{"id":756,"href":"https:\/\/cartoambientalconverdad.org\/index.php\/wp-json\/wp\/v2\/posts\/428\/revisions\/756"}],"wp:featuredmedia":[{"embeddable":true,"href":"https:\/\/cartoambientalconverdad.org\/index.php\/wp-json\/wp\/v2\/media\/429"}],"wp:attachment":[{"href":"https:\/\/cartoambientalconverdad.org\/index.php\/wp-json\/wp\/v2\/media?parent=428"}],"wp:term":[{"taxonomy":"category","embeddable":true,"href":"https:\/\/cartoambientalconverdad.org\/index.php\/wp-json\/wp\/v2\/categories?post=428"},{"taxonomy":"post_tag","embeddable":true,"href":"https:\/\/cartoambientalconverdad.org\/index.php\/wp-json\/wp\/v2\/tags?post=428"}],"curies":[{"name":"wp","href":"https:\/\/api.w.org\/{rel}","templated":true}]}}