{"id":20,"date":"2023-08-14T02:23:52","date_gmt":"2023-08-14T02:23:52","guid":{"rendered":"http:\/\/cartoambientalconverdad.org\/index.php\/2023\/08\/14\/unidos-por-un-planeta-mejor\/"},"modified":"2025-08-19T19:03:29","modified_gmt":"2025-08-20T01:03:29","slug":"unidos-por-un-planeta-mejor","status":"publish","type":"post","link":"https:\/\/cartoambientalconverdad.org\/index.php\/2023\/08\/14\/unidos-por-un-planeta-mejor\/","title":{"rendered":"Unidos por un planeta mejor"},"content":{"rendered":"<h2><\/h2>\n<p>Somos conscientes de la urgencia de proteger a nuestro Planeta Tierra y todas las formas de vida que en el habitan. Es una labor de co-responsabilidades, tanto gubernamental,\u00a0 sectores productivos, industria y de cada habitante tomar acciones concretas para regenerar y preservar el medio ambiente y garantizar un futuro sostenible para las generaciones venideras.<\/p>\n<p>El cambio clim\u00e1tico, la deforestaci\u00f3n, el extractivismo, la contaminaci\u00f3n del agua y el aire son solo algunas de las amenazas que enfrentamos hoy en d\u00eda. Sin embargo, creemos firmemente que, unidos, podemos lograr los mejores resultados y revertir los efectos negativos de nuestras acciones pasadas.<\/p>\n<h2>Acciones efectivas para obtener resultados<\/h2>\n<p>Para lograr un cambio real es necesario que cada uno de nosotros asuma la responsabilidad de nuestras acciones. Peque\u00f1os gestos cotidianos, como reciclar, reducir el consumo de pl\u00e1stico, utilizar medios de transporte sostenibles y consumir alimentos org\u00e1nicos, cumplir las reglas en la productividad y en la industria, pueden marcar una gran diferencia.<\/p>\n<p>Adem\u00e1s, es esencial promover pol\u00edticas y medidas que fomenten la sostenibilidad y la protecci\u00f3n del medio ambiente. Desde nuestro grupo, nos comprometemos a trabajar de la mano con la comunidad y las autoridades para impulsar cambios positivos y construir un futuro m\u00e1s verde y equitativo.<\/p>\n<h2>En armon\u00eda con la vida natural y comunitaria<\/h2>\n<p>No podemos olvidar que formamos parte de un ecosistema interconectado. La vida en todas sus formas merece nuestro respeto y cuidado. Al proteger y preservar la naturaleza, tambi\u00e9n estamos cuidando de nosotros mismos y de las generaciones futuras.<\/p>\n<p>Es por eso priorizamos la armon\u00eda con la vida natural y comunitaria. Promovemos el di\u00e1logo, la cooperaci\u00f3n y la colaboraci\u00f3n para encontrar soluciones conjuntas a los desaf\u00edos ambientales que enfrentamos. Creemos en la fuerza de la uni\u00f3n y en el poder transformador que tenemos como sociedad.<\/p>\n","protected":false},"excerpt":{"rendered":"<p>Somos conscientes de la urgencia de proteger a nuestro Planeta Tierra y todas las formas de vida que en el habitan. Es una labor de &hellip;<\/p>\n","protected":false},"author":1,"featured_media":359,"comment_status":"open","ping_status":"open","sticky":false,"template":"","format":"standard","meta":{"give_campaign_id":0,"_et_pb_use_builder":"","_et_pb_old_content":"","_et_gb_content_width":"","_themeisle_gutenberg_block_has_review":false,"footnotes":""},"categories":[1],"tags":[],"class_list":["post-20","post","type-post","status-publish","format-standard","has-post-thumbnail","hentry","category-blog"],"aioseo_notices":[],"_links":{"self":[{"href":"https:\/\/cartoambientalconverdad.org\/index.php\/wp-json\/wp\/v2\/posts\/20","targetHints":{"allow":["GET"]}}],"collection":[{"href":"https:\/\/cartoambientalconverdad.org\/index.php\/wp-json\/wp\/v2\/posts"}],"about":[{"href":"https:\/\/cartoambientalconverdad.org\/index.php\/wp-json\/wp\/v2\/types\/post"}],"author":[{"embeddable":true,"href":"https:\/\/cartoambientalconverdad.org\/index.php\/wp-json\/wp\/v2\/users\/1"}],"replies":[{"embeddable":true,"href":"https:\/\/cartoambientalconverdad.org\/index.php\/wp-json\/wp\/v2\/comments?post=20"}],"version-history":[{"count":3,"href":"https:\/\/cartoambientalconverdad.org\/index.php\/wp-json\/wp\/v2\/posts\/20\/revisions"}],"predecessor-version":[{"id":673,"href":"https:\/\/cartoambientalconverdad.org\/index.php\/wp-json\/wp\/v2\/posts\/20\/revisions\/673"}],"wp:featuredmedia":[{"embeddable":true,"href":"https:\/\/cartoambientalconverdad.org\/index.php\/wp-json\/wp\/v2\/media\/359"}],"wp:attachment":[{"href":"https:\/\/cartoambientalconverdad.org\/index.php\/wp-json\/wp\/v2\/media?parent=20"}],"wp:term":[{"taxonomy":"category","embeddable":true,"href":"https:\/\/cartoambientalconverdad.org\/index.php\/wp-json\/wp\/v2\/categories?post=20"},{"taxonomy":"post_tag","embeddable":true,"href":"https:\/\/cartoambientalconverdad.org\/index.php\/wp-json\/wp\/v2\/tags?post=20"}],"curies":[{"name":"wp","href":"https:\/\/api.w.org\/{rel}","templated":true}]}}