{"id":19,"date":"2023-08-14T02:23:50","date_gmt":"2023-08-14T02:23:50","guid":{"rendered":"http:\/\/cartoambientalconverdad.org\/index.php\/2023\/08\/14\/unidos-por-un-futuro-sostenible-2\/"},"modified":"2025-08-19T15:41:49","modified_gmt":"2025-08-19T21:41:49","slug":"unidos-por-un-futuro-sostenible-2","status":"publish","type":"post","link":"https:\/\/cartoambientalconverdad.org\/index.php\/2023\/08\/14\/unidos-por-un-futuro-sostenible-2\/","title":{"rendered":"Trabajemos por un futuro sostenible"},"content":{"rendered":"\n<p class=\"has-headings-color has-text-color has-background has-link-color wp-elements-c557fa1b6de6e07a79db6926e54ce935\" style=\"background-color:#def1ee\">Nuestro planeta es vasto y diverso, y moment\u00e1neamente es f\u00e1cil sentirnos peque\u00f1os e impotentes frente a los desaf\u00edos que enfrentamos. Sin embargo, cuando nos unimos, cuando nos comprometemos a trabajar juntos por un objetivo com\u00fan, somos capaces de lograr cosas extraordinarias. Esta es la premisa en la que se basa nuestro grupo: la uni\u00f3n como motor para construir un futuro sostenible.<\/p>\n\n\n\n<p class=\"has-headings-color has-text-color has-background has-link-color wp-elements-30eae35ac9c67ec82a4e6901884c7511\" style=\"background-color:#def1ee\">En nuestra b\u00fasqueda por proteger a nuestra naturaleza, nos hemos dado cuenta de que no podemos hacerlo solos. Necesitamos unir fuerzas, compartir conocimientos y colaborar con otros apasionados defensores del medio ambiente. Juntos, podemos marcar la diferencia y dejar un legado positivo para las generaciones futuras.<\/p>\n\n\n\n<h2 class=\"wp-block-heading\">El respeto por la vida<\/h2>\n\n\n\n<p class=\"has-headings-color has-text-color has-background has-link-color wp-elements-5f9a1d3fb8f6ddf216661cd0e13834c6\" style=\"background-color:#def1ee\">En nuestro camino hacia la sostenibilidad, nos gu\u00eda un profundo respeto por la vida en todas sus formas. Reconocemos la importancia de cada ser vivo, desde los m\u00e1s peque\u00f1os insectos hasta los majestuosos \u00e1rboles y las imponentes monta\u00f1as. Todos formamos parte de un delicado equilibrio, y es nuestro deber proteger y preservar esa diversidad.<\/p>\n\n\n\n<p class=\"has-headings-color has-text-color has-background has-link-color wp-elements-d9b57966f48969f98f44b862d67b5f4d\" style=\"background-color:#def1ee\">Trabajemos en armon\u00eda con la vida natural y comunitaria, entendiendo que nuestras acciones tienen un impacto directo en el entorno que nos rodea. El compromiso es actuar de manera responsable, tomando decisiones informadas y conscientes que minimicen nuestra huella ecol\u00f3gica.<\/p>\n\n\n\n<h2 class=\"wp-block-heading\">La importancia del agua<\/h2>\n\n\n\n<p class=\"has-headings-color has-text-color has-background has-link-color wp-elements-6a913729a8e9ff46735c10691cad3f46\" style=\"background-color:#def1ee\">El agua es un recurso invaluable para la vida en este planeta. Sin embargo, su disponibilidad es limitada y su conservaci\u00f3n es fundamental. Nos preocupamos por la calidad y la cantidad de agua disponible, y nos esforzamos por promover el uso responsable y sostenible de este recurso vital.<\/p>\n\n\n\n<p class=\"has-headings-color has-text-color has-background has-link-color wp-elements-cf2a026aaed41f078e75755c0f24be98\" style=\"background-color:#def1ee\">Estamos convencidos de que peque\u00f1as acciones individuales pueden tener un impacto significativo en la conservaci\u00f3n del agua. Cada gota cuenta, y cada vez que tomamos medidas para reducir el consumo de agua o evitar su contaminaci\u00f3n, estamos contribuyendo a un futuro m\u00e1s pr\u00f3spero y saludable para todos.<\/p>\n","protected":false},"excerpt":{"rendered":"<p>Nuestro planeta es vasto y diverso, y moment\u00e1neamente es f\u00e1cil sentirnos peque\u00f1os e impotentes frente a los desaf\u00edos que enfrentamos. Sin embargo, cuando nos unimos, &hellip;<\/p>\n","protected":false},"author":1,"featured_media":451,"comment_status":"open","ping_status":"open","sticky":false,"template":"","format":"standard","meta":{"give_campaign_id":0,"_et_pb_use_builder":"","_et_pb_old_content":"","_et_gb_content_width":"","_themeisle_gutenberg_block_has_review":false,"footnotes":""},"categories":[1],"tags":[],"class_list":["post-19","post","type-post","status-publish","format-standard","has-post-thumbnail","hentry","category-blog"],"aioseo_notices":[],"_links":{"self":[{"href":"https:\/\/cartoambientalconverdad.org\/index.php\/wp-json\/wp\/v2\/posts\/19","targetHints":{"allow":["GET"]}}],"collection":[{"href":"https:\/\/cartoambientalconverdad.org\/index.php\/wp-json\/wp\/v2\/posts"}],"about":[{"href":"https:\/\/cartoambientalconverdad.org\/index.php\/wp-json\/wp\/v2\/types\/post"}],"author":[{"embeddable":true,"href":"https:\/\/cartoambientalconverdad.org\/index.php\/wp-json\/wp\/v2\/users\/1"}],"replies":[{"embeddable":true,"href":"https:\/\/cartoambientalconverdad.org\/index.php\/wp-json\/wp\/v2\/comments?post=19"}],"version-history":[{"count":4,"href":"https:\/\/cartoambientalconverdad.org\/index.php\/wp-json\/wp\/v2\/posts\/19\/revisions"}],"predecessor-version":[{"id":671,"href":"https:\/\/cartoambientalconverdad.org\/index.php\/wp-json\/wp\/v2\/posts\/19\/revisions\/671"}],"wp:featuredmedia":[{"embeddable":true,"href":"https:\/\/cartoambientalconverdad.org\/index.php\/wp-json\/wp\/v2\/media\/451"}],"wp:attachment":[{"href":"https:\/\/cartoambientalconverdad.org\/index.php\/wp-json\/wp\/v2\/media?parent=19"}],"wp:term":[{"taxonomy":"category","embeddable":true,"href":"https:\/\/cartoambientalconverdad.org\/index.php\/wp-json\/wp\/v2\/categories?post=19"},{"taxonomy":"post_tag","embeddable":true,"href":"https:\/\/cartoambientalconverdad.org\/index.php\/wp-json\/wp\/v2\/tags?post=19"}],"curies":[{"name":"wp","href":"https:\/\/api.w.org\/{rel}","templated":true}]}}