{"id":16,"date":"2023-08-14T02:21:27","date_gmt":"2023-08-14T02:21:27","guid":{"rendered":"http:\/\/cartoambientalconverdad.org\/index.php\/2023\/08\/14\/unidos-por-un-futuro-sostenible\/"},"modified":"2025-08-19T19:20:14","modified_gmt":"2025-08-20T01:20:14","slug":"unidos-por-un-futuro-sostenible","status":"publish","type":"post","link":"https:\/\/cartoambientalconverdad.org\/index.php\/2023\/08\/14\/unidos-por-un-futuro-sostenible\/","title":{"rendered":"A grandes retos, grandes soluciones!"},"content":{"rendered":"<h2>Convertir los retos en \u00e1reas de oportunidad<\/h2>\n<p class=\"my-0\">El cambio clim\u00e1tico es el mayor desaf\u00edo de nuestra era, pero tambi\u00e9n una oportunidad \u00fanica para demostrar de qu\u00e9 estamos hechos. Solo unidos podremos transformar la incertidumbre en esperanza y la preocupaci\u00f3n en acci\u00f3n. Gobiernos, empresas, organizaciones y cada persona: todos somos piezas clave en esta misi\u00f3n.<\/p>\n<p class=\"my-0\">La naturaleza no distingue fronteras ni sectores; su llamado es universal. Es momento de dejar de lado diferencias y sumar fuerzas, conocimientos y recursos. Cada decisi\u00f3n cuenta, cada innovaci\u00f3n suma, cada voz inspira. La unidad nos da la fuerza para imaginar y construir un futuro sostenible, donde el progreso y el cuidado del planeta vayan de la mano.<\/p>\n<p class=\"my-0\">No hay reto demasiado grande si lo enfrentamos juntos. Hoy, m\u00e1s que nunca, necesitamos el compromiso y la colaboraci\u00f3n de todos los sectores sociales. Porque el verdadero cambio comienza cuando nos unimos por un prop\u00f3sito com\u00fan: proteger nuestro hogar y garantizar un mundo mejor para las generaciones futuras.<\/p>\n<p class=\"my-0\">\u00a1Juntos, somos la soluci\u00f3n que el planeta necesita!<\/p>\n<h2>Orden, responsabilidad y respeto<\/h2>\n<p>Creemos que estos valores son fundamentales para lograr resultados positivos y duraderos. Trabajemos de manera organizada y responsable, siempre teniendo en cuenta el impacto que nuestras acciones pueden tener en el medio ambiente y en la comunidad.<\/p>\n<p>Reconozcamos la importancia de preservar la biodiversidad y nos esforzamos por promover la conservaci\u00f3n de las especies y los ecosistemas. Que la coexistencia pac\u00edfica entre los seres humanos y todas las dem\u00e1s formas de vida en nuestro planeta sea uno de nuestros grandes retos.<\/p>\n","protected":false},"excerpt":{"rendered":"<p>Convertir los retos en \u00e1reas de oportunidad El cambio clim\u00e1tico es el mayor desaf\u00edo de nuestra era, pero tambi\u00e9n una oportunidad \u00fanica para demostrar de &hellip;<\/p>\n","protected":false},"author":1,"featured_media":362,"comment_status":"open","ping_status":"open","sticky":false,"template":"","format":"standard","meta":{"give_campaign_id":0,"_et_pb_use_builder":"","_et_pb_old_content":"","_et_gb_content_width":"","_themeisle_gutenberg_block_has_review":false,"footnotes":""},"categories":[1],"tags":[],"class_list":["post-16","post","type-post","status-publish","format-standard","has-post-thumbnail","hentry","category-blog"],"aioseo_notices":[],"_links":{"self":[{"href":"https:\/\/cartoambientalconverdad.org\/index.php\/wp-json\/wp\/v2\/posts\/16","targetHints":{"allow":["GET"]}}],"collection":[{"href":"https:\/\/cartoambientalconverdad.org\/index.php\/wp-json\/wp\/v2\/posts"}],"about":[{"href":"https:\/\/cartoambientalconverdad.org\/index.php\/wp-json\/wp\/v2\/types\/post"}],"author":[{"embeddable":true,"href":"https:\/\/cartoambientalconverdad.org\/index.php\/wp-json\/wp\/v2\/users\/1"}],"replies":[{"embeddable":true,"href":"https:\/\/cartoambientalconverdad.org\/index.php\/wp-json\/wp\/v2\/comments?post=16"}],"version-history":[{"count":5,"href":"https:\/\/cartoambientalconverdad.org\/index.php\/wp-json\/wp\/v2\/posts\/16\/revisions"}],"predecessor-version":[{"id":677,"href":"https:\/\/cartoambientalconverdad.org\/index.php\/wp-json\/wp\/v2\/posts\/16\/revisions\/677"}],"wp:featuredmedia":[{"embeddable":true,"href":"https:\/\/cartoambientalconverdad.org\/index.php\/wp-json\/wp\/v2\/media\/362"}],"wp:attachment":[{"href":"https:\/\/cartoambientalconverdad.org\/index.php\/wp-json\/wp\/v2\/media?parent=16"}],"wp:term":[{"taxonomy":"category","embeddable":true,"href":"https:\/\/cartoambientalconverdad.org\/index.php\/wp-json\/wp\/v2\/categories?post=16"},{"taxonomy":"post_tag","embeddable":true,"href":"https:\/\/cartoambientalconverdad.org\/index.php\/wp-json\/wp\/v2\/tags?post=16"}],"curies":[{"name":"wp","href":"https:\/\/api.w.org\/{rel}","templated":true}]}}