{"id":1168,"date":"2026-03-17T22:21:25","date_gmt":"2026-03-18T04:21:25","guid":{"rendered":"https:\/\/cartoambientalconverdad.org\/?p=1168"},"modified":"2026-03-20T22:16:00","modified_gmt":"2026-03-21T04:16:00","slug":"22-de-marzo-2026-dia-mundial-del-agua-cifras","status":"publish","type":"post","link":"https:\/\/cartoambientalconverdad.org\/index.php\/2026\/03\/17\/22-de-marzo-2026-dia-mundial-del-agua-cifras\/","title":{"rendered":"22 de marzo 2026, D\u00eda Mundial del Agua, Cifras"},"content":{"rendered":"\n<figure class=\"wp-block-image size-full\"><img loading=\"lazy\" decoding=\"async\" width=\"940\" height=\"788\" src=\"https:\/\/cartoambientalconverdad.org\/wp-content\/uploads\/2026\/03\/FB-Post-Dia-Mundial-del-Agua.gif\" alt=\"\" class=\"wp-image-1169\"\/><\/figure>\n\n\n\n<p class=\"has-headings-color has-text-color has-background has-link-color wp-elements-488f71cf795bdc7debb34c59dc7449af\" style=\"background-color:#def1ee\">Presento una s\u00edntesis t\u00e9cnica de la evoluci\u00f3n h\u00eddrica. Para este an\u00e1lisis, es fundamental desmitificar la percepci\u00f3n pol\u00edtica frente a la realidad termodin\u00e1mica, estad\u00edstica y social: mientras que M\u00e9xico posee un marco legal de vanguardia, la implementaci\u00f3n t\u00e9cnica revela brechas cr\u00edticas comparado con las naciones que hoy lideran la gesti\u00f3n h\u00eddrica en 2026.<\/p>\n\n\n\n<figure class=\"wp-block-image size-large\"><img loading=\"lazy\" decoding=\"async\" width=\"1024\" height=\"559\" src=\"https:\/\/cartoambientalconverdad.org\/wp-content\/uploads\/2026\/03\/22MAR26-Dia-Mundial-del-AguaG1-1024x559.png\" alt=\"\" class=\"wp-image-1170\" srcset=\"https:\/\/cartoambientalconverdad.org\/wp-content\/uploads\/2026\/03\/22MAR26-Dia-Mundial-del-AguaG1-1024x559.png 1024w, https:\/\/cartoambientalconverdad.org\/wp-content\/uploads\/2026\/03\/22MAR26-Dia-Mundial-del-AguaG1-300x164.png 300w, https:\/\/cartoambientalconverdad.org\/wp-content\/uploads\/2026\/03\/22MAR26-Dia-Mundial-del-AguaG1-768x419.png 768w, https:\/\/cartoambientalconverdad.org\/wp-content\/uploads\/2026\/03\/22MAR26-Dia-Mundial-del-AguaG1-1080x589.png 1080w, https:\/\/cartoambientalconverdad.org\/wp-content\/uploads\/2026\/03\/22MAR26-Dia-Mundial-del-AguaG1-273x149.png 273w, https:\/\/cartoambientalconverdad.org\/wp-content\/uploads\/2026\/03\/22MAR26-Dia-Mundial-del-AguaG1-600x327.png 600w, https:\/\/cartoambientalconverdad.org\/wp-content\/uploads\/2026\/03\/22MAR26-Dia-Mundial-del-AguaG1.png 1408w\" sizes=\"(max-width: 1024px) 100vw, 1024px\" \/><\/figure>\n\n\n\n<h2 class=\"wp-block-heading\"><strong>1. Evoluci\u00f3n Hist\u00f3rica: De la Supervivencia al Derecho Humano<\/strong><\/h2>\n\n\n\n<p class=\"has-headings-color has-text-color has-background has-link-color wp-elements-46302b2135336333d898c529d6bcf39b\" style=\"background-color:#def1ee\">Hist\u00f3ricamente, la necesidad humana de agua ha pasado de una <strong>dependencia biol\u00f3gica directa<\/strong> (asentamientos en riberas) a una <strong>dependencia de infraestructura compleja<\/strong>.<\/p>\n\n\n\n<ul style=\"background-color:#def1ee\" class=\"wp-block-list has-headings-color has-text-color has-background has-link-color wp-elements-5e39aa4d2eefabbeaafac964a3de5319\">\n<li class=\"has-headings-color has-text-color has-link-color wp-elements-1133b96f3cc8d001b22f9168e14c47ad\"><strong>1900-1950:<\/strong> El agua se trataba como un recurso infinito para el desarrollo industrial.<\/li>\n\n\n\n<li class=\"has-headings-color has-text-color has-link-color wp-elements-b73b700762ea2fcdd5e28f856c5b2f36\"><strong>2002:<\/strong> La Observaci\u00f3n General 15 de la ONU defini\u00f3 el agua como un bien social y cultural, no solo econ\u00f3mico.<\/li>\n\n\n\n<li class=\"has-headings-color has-text-color has-link-color wp-elements-63ce76370b38f4833ffe2422a0389324\"><strong>2010:<\/strong> La Asamblea General de la ONU reconoci\u00f3 expl\u00edcitamente el <strong>Derecho Humano al Agua y al Saneamiento (DHAS)<\/strong>.<\/li>\n\n\n\n<li class=\"has-headings-color has-text-color has-link-color wp-elements-6d95788510e06b3f40cd2442da7259c6\"><strong>2026 (Actualidad):<\/strong> La crisis clim\u00e1tica ha forzado a los gobiernos a pasar de la &#8220;extracci\u00f3n&#8221; a la &#8220;gesti\u00f3n de la escasez&#8221;.<\/li>\n<\/ul>\n","protected":false},"excerpt":{"rendered":"<p>Presento una s\u00edntesis t\u00e9cnica de la evoluci\u00f3n h\u00eddrica. Para este an\u00e1lisis, es fundamental desmitificar la percepci\u00f3n pol\u00edtica frente a la realidad termodin\u00e1mica, estad\u00edstica y social: &hellip;<\/p>\n","protected":false},"author":1,"featured_media":1170,"comment_status":"open","ping_status":"open","sticky":false,"template":"","format":"standard","meta":{"give_campaign_id":0,"_et_pb_use_builder":"off","_et_pb_old_content":"","_et_gb_content_width":"","_themeisle_gutenberg_block_has_review":false,"footnotes":""},"categories":[1],"tags":[],"class_list":["post-1168","post","type-post","status-publish","format-standard","has-post-thumbnail","hentry","category-blog"],"aioseo_notices":[],"_links":{"self":[{"href":"https:\/\/cartoambientalconverdad.org\/index.php\/wp-json\/wp\/v2\/posts\/1168","targetHints":{"allow":["GET"]}}],"collection":[{"href":"https:\/\/cartoambientalconverdad.org\/index.php\/wp-json\/wp\/v2\/posts"}],"about":[{"href":"https:\/\/cartoambientalconverdad.org\/index.php\/wp-json\/wp\/v2\/types\/post"}],"author":[{"embeddable":true,"href":"https:\/\/cartoambientalconverdad.org\/index.php\/wp-json\/wp\/v2\/users\/1"}],"replies":[{"embeddable":true,"href":"https:\/\/cartoambientalconverdad.org\/index.php\/wp-json\/wp\/v2\/comments?post=1168"}],"version-history":[{"count":2,"href":"https:\/\/cartoambientalconverdad.org\/index.php\/wp-json\/wp\/v2\/posts\/1168\/revisions"}],"predecessor-version":[{"id":1177,"href":"https:\/\/cartoambientalconverdad.org\/index.php\/wp-json\/wp\/v2\/posts\/1168\/revisions\/1177"}],"wp:featuredmedia":[{"embeddable":true,"href":"https:\/\/cartoambientalconverdad.org\/index.php\/wp-json\/wp\/v2\/media\/1170"}],"wp:attachment":[{"href":"https:\/\/cartoambientalconverdad.org\/index.php\/wp-json\/wp\/v2\/media?parent=1168"}],"wp:term":[{"taxonomy":"category","embeddable":true,"href":"https:\/\/cartoambientalconverdad.org\/index.php\/wp-json\/wp\/v2\/categories?post=1168"},{"taxonomy":"post_tag","embeddable":true,"href":"https:\/\/cartoambientalconverdad.org\/index.php\/wp-json\/wp\/v2\/tags?post=1168"}],"curies":[{"name":"wp","href":"https:\/\/api.w.org\/{rel}","templated":true}]}}